{"id":6791,"date":"2024-03-12T11:17:54","date_gmt":"2024-03-12T18:17:54","guid":{"rendered":"https:\/\/www.regioncuatronoticias.com\/?p=6791"},"modified":"2024-03-12T11:17:55","modified_gmt":"2024-03-12T18:17:55","slug":"visita-de-los-reyes-de-suecia-es-con-posibles-fines-de-inversion-amlo","status":"publish","type":"post","link":"https:\/\/www.regioncuatronoticias.com\/index.php\/2024\/03\/12\/visita-de-los-reyes-de-suecia-es-con-posibles-fines-de-inversion-amlo\/","title":{"rendered":"Visita de los reyes de Suecia es con posibles fines de inversi\u00f3n: AMLO"},"content":{"rendered":"\n<p>Uno de los objetivos de la visita de los reyes de Suecia a nuestro pa\u00eds es analizar posibles planes de inversi\u00f3n.<\/p>\n\n\n\n<p>As\u00ed lo confirm\u00f3 esta ma\u00f1ana el presidente Andr\u00e9s Manuel L\u00f3pez Obrador, al se\u00f1alar que recibir\u00e1 este martes en una ceremonia de Estado y un almuerzo posterior en Palacio Nacional a Carlos XVI de Suecia y a su esposa Silvia.<\/p>\n\n\n\n<p>\u201cVamos a intercambiar opiniones, quieren conversar con nosotros, les importa mucho lo que se est\u00e1 haciendo en materia cultural, van a ir a la regi\u00f3n maya. Van al Tren Maya (el jueves). Y los vamos a recibir\u201d<\/p>\n\n\n\n<p>En la comida, dijo, estar\u00e1n los reyes, \u00e9l acudir\u00e1 acompa\u00f1ado de su esposa, Beatriz Guti\u00e9rrez, y de la canciller Alicia B\u00e1rcena, adem\u00e1s de la comitiva que acompa\u00f1a a los monarcas.<\/p>\n\n\n\n<p>Sobre los temas que se abordar\u00e1n, adem\u00e1s del asunto de los planes de inversi\u00f3n, L\u00f3pez Obrador se\u00f1al\u00f3: \u201csobre todo mantener relaciones de amistad, nos gust\u00f3 mucho el que haya decidido venir a M\u00e9xico como jefe de Estado y son bienvenidos jefes de Estado, presidentes, primeros ministros\u201d.<\/p>\n\n\n\n<p>Tambi\u00e9n coment\u00f3 que les dar\u00e1 un recorrido por Palacio Nacional, en especial los llevar\u00e1 ante los murales de Diego Rivera. \u201cPidieron tambi\u00e9n eso, son monarcas inteligentes, educados, generosos y son nuestros visitantes. Y los vamos a atender\u201d.<\/p>\n","protected":false},"excerpt":{"rendered":"<p>Uno de los objetivos de la visita de los reyes de Suecia a nuestro pa\u00eds es analizar posibles planes de inversi\u00f3n. As\u00ed lo confirm\u00f3 esta ma\u00f1ana el presidente Andr\u00e9s Manuel L\u00f3pez Obrador, al se\u00f1alar que recibir\u00e1 este martes en una ceremonia de Estado y un almuerzo posterior en Palacio Nacional a Carlos XVI de Suecia [&hellip;]<\/p>\n","protected":false},"author":1,"featured_media":6792,"comment_status":"open","ping_status":"open","sticky":false,"template":"","format":"standard","meta":{"content-type":"","footnotes":""},"categories":[7],"tags":[],"class_list":{"0":"post-6791","1":"post","2":"type-post","3":"status-publish","4":"format-standard","5":"has-post-thumbnail","7":"category-internacional"},"_links":{"self":[{"href":"https:\/\/www.regioncuatronoticias.com\/index.php\/wp-json\/wp\/v2\/posts\/6791","targetHints":{"allow":["GET"]}}],"collection":[{"href":"https:\/\/www.regioncuatronoticias.com\/index.php\/wp-json\/wp\/v2\/posts"}],"about":[{"href":"https:\/\/www.regioncuatronoticias.com\/index.php\/wp-json\/wp\/v2\/types\/post"}],"author":[{"embeddable":true,"href":"https:\/\/www.regioncuatronoticias.com\/index.php\/wp-json\/wp\/v2\/users\/1"}],"replies":[{"embeddable":true,"href":"https:\/\/www.regioncuatronoticias.com\/index.php\/wp-json\/wp\/v2\/comments?post=6791"}],"version-history":[{"count":1,"href":"https:\/\/www.regioncuatronoticias.com\/index.php\/wp-json\/wp\/v2\/posts\/6791\/revisions"}],"predecessor-version":[{"id":6793,"href":"https:\/\/www.regioncuatronoticias.com\/index.php\/wp-json\/wp\/v2\/posts\/6791\/revisions\/6793"}],"wp:featuredmedia":[{"embeddable":true,"href":"https:\/\/www.regioncuatronoticias.com\/index.php\/wp-json\/wp\/v2\/media\/6792"}],"wp:attachment":[{"href":"https:\/\/www.regioncuatronoticias.com\/index.php\/wp-json\/wp\/v2\/media?parent=6791"}],"wp:term":[{"taxonomy":"category","embeddable":true,"href":"https:\/\/www.regioncuatronoticias.com\/index.php\/wp-json\/wp\/v2\/categories?post=6791"},{"taxonomy":"post_tag","embeddable":true,"href":"https:\/\/www.regioncuatronoticias.com\/index.php\/wp-json\/wp\/v2\/tags?post=6791"}],"curies":[{"name":"wp","href":"https:\/\/api.w.org\/{rel}","templated":true}]}}