{"id":6745,"date":"2024-03-11T08:03:03","date_gmt":"2024-03-11T15:03:03","guid":{"rendered":"https:\/\/www.regioncuatronoticias.com\/?p=6745"},"modified":"2024-03-11T08:03:06","modified_gmt":"2024-03-11T15:03:06","slug":"zelenski-reprocha-al-papa-llamado-para-alzar-la-bandera-blanca","status":"publish","type":"post","link":"https:\/\/www.regioncuatronoticias.com\/index.php\/2024\/03\/11\/zelenski-reprocha-al-papa-llamado-para-alzar-la-bandera-blanca\/","title":{"rendered":"Zelenski reprocha al Papa llamado para \u201calzar la bandera blanca\u201d"},"content":{"rendered":"\n<p>Madrid. El presidente ucraniano, Volodimir Zelenski, ha rechazado este domingo las declaraciones del Papa Francisco en las que le ped\u00eda &#8220;valent\u00eda&#8221; para &#8220;alzar la bandera blanca&#8221; y negociar la paz con Rusia y le ha reprochado que intente mediar &#8220;entre quien quiere vivir y quien quiere destruirnos&#8221;.<\/p>\n\n\n\n<p>&#8220;Le doy las gracias a los capellanes ucranianos que est\u00e1n con el ej\u00e9rcito, con las Fuerzas de Defensa. Est\u00e1n en el frente, protegiendo la vida y la humanidad y apoyando con sus oraciones, palabras y actos. Eso es lo que hace la iglesia, estar con la gente, no en alg\u00fan lugar a dos mil 500 kil\u00f3metros mediando virtualmente entre quien quiere vivir y quien quiere destruirnos&#8221;, ha afirmado Zelenski en su discurso vespertino diario.<\/p>\n\n\n\n<p>El l\u00edder ucraniano ha indicado que &#8220;cuando el mal ruso inici\u00f3 esta guerra el 24 de febrero todos los ucranianos se alzaron para la defensa&#8221;. &#8220;Cristianos, musulmanes, jud\u00edos,\u2026 todos&#8221;, ha argumentado.<\/p>\n\n\n\n<p>Francisco pidi\u00f3 a Zelenski &#8220;que vea la situaci\u00f3n, que piense en el pueblo, que tenga el valor de la bandera blanca, para negociar&#8221;. &#8220;Hoy se puede negociar con la ayuda de las potencias internacionales. La palabra negociar es valiente&#8221;, dijo el Papa en una entrevista grabada el mes pasado con la emisora suiza RSI.<\/p>\n\n\n\n<p>&#8220;Cuando ves que est\u00e1s derrotado, que las cosas no van, debes tener el coraje de negociar. Te da verg\u00fcenza, pero \u00bfcon cu\u00e1ntos muertos acabar\u00e1? Negociar a tiempo, buscar algunos pa\u00edses que medien. En la guerra de Ucrania hay muchos. Turqu\u00eda, se ha ofrecido. Y otros. Que no tengan verg\u00fcenza de negociar antes de que empeore&#8221;, ha a\u00f1adido.<\/p>\n\n\n\n<p>Para el Papa &#8220;negociar nunca es rendirse&#8221;. &#8220;Es el valor de no llevar al pa\u00eds al suicidio. Los ucranianos, con la historia que tienen, pobrecitos, los ucranianos en la \u00e9poca de Stalin cu\u00e1nto sufrieron\u2026&#8221;, ha se\u00f1alado. Adem\u00e1s, detr\u00e1s de las guerras &#8220;est\u00e1 la industria armament\u00edstica&#8221;. &#8220;Es un pecado colectivo&#8221;, ha advertido. &#8220;La guerra es una locura, es una locura&#8221;, ha remachado.<\/p>\n","protected":false},"excerpt":{"rendered":"<p>Madrid. El presidente ucraniano, Volodimir Zelenski, ha rechazado este domingo las declaraciones del Papa Francisco en las que le ped\u00eda &#8220;valent\u00eda&#8221; para &#8220;alzar la bandera blanca&#8221; y negociar la paz con Rusia y le ha reprochado que intente mediar &#8220;entre quien quiere vivir y quien quiere destruirnos&#8221;. &#8220;Le doy las gracias a los capellanes ucranianos [&hellip;]<\/p>\n","protected":false},"author":1,"featured_media":6746,"comment_status":"open","ping_status":"open","sticky":false,"template":"","format":"standard","meta":{"content-type":"","footnotes":""},"categories":[7],"tags":[],"class_list":{"0":"post-6745","1":"post","2":"type-post","3":"status-publish","4":"format-standard","5":"has-post-thumbnail","7":"category-internacional"},"_links":{"self":[{"href":"https:\/\/www.regioncuatronoticias.com\/index.php\/wp-json\/wp\/v2\/posts\/6745","targetHints":{"allow":["GET"]}}],"collection":[{"href":"https:\/\/www.regioncuatronoticias.com\/index.php\/wp-json\/wp\/v2\/posts"}],"about":[{"href":"https:\/\/www.regioncuatronoticias.com\/index.php\/wp-json\/wp\/v2\/types\/post"}],"author":[{"embeddable":true,"href":"https:\/\/www.regioncuatronoticias.com\/index.php\/wp-json\/wp\/v2\/users\/1"}],"replies":[{"embeddable":true,"href":"https:\/\/www.regioncuatronoticias.com\/index.php\/wp-json\/wp\/v2\/comments?post=6745"}],"version-history":[{"count":1,"href":"https:\/\/www.regioncuatronoticias.com\/index.php\/wp-json\/wp\/v2\/posts\/6745\/revisions"}],"predecessor-version":[{"id":6747,"href":"https:\/\/www.regioncuatronoticias.com\/index.php\/wp-json\/wp\/v2\/posts\/6745\/revisions\/6747"}],"wp:featuredmedia":[{"embeddable":true,"href":"https:\/\/www.regioncuatronoticias.com\/index.php\/wp-json\/wp\/v2\/media\/6746"}],"wp:attachment":[{"href":"https:\/\/www.regioncuatronoticias.com\/index.php\/wp-json\/wp\/v2\/media?parent=6745"}],"wp:term":[{"taxonomy":"category","embeddable":true,"href":"https:\/\/www.regioncuatronoticias.com\/index.php\/wp-json\/wp\/v2\/categories?post=6745"},{"taxonomy":"post_tag","embeddable":true,"href":"https:\/\/www.regioncuatronoticias.com\/index.php\/wp-json\/wp\/v2\/tags?post=6745"}],"curies":[{"name":"wp","href":"https:\/\/api.w.org\/{rel}","templated":true}]}}