{"id":6721,"date":"2024-03-11T07:54:02","date_gmt":"2024-03-11T14:54:02","guid":{"rendered":"https:\/\/www.regioncuatronoticias.com\/?p=6721"},"modified":"2024-03-11T07:54:07","modified_gmt":"2024-03-11T14:54:07","slug":"israel-ha-destruido-mas-de-mil-mezquitas-en-la-franja-de-gaza","status":"publish","type":"post","link":"https:\/\/www.regioncuatronoticias.com\/index.php\/2024\/03\/11\/israel-ha-destruido-mas-de-mil-mezquitas-en-la-franja-de-gaza\/","title":{"rendered":"Israel ha destruido m\u00e1s de mil mezquitas en la franja de Gaza"},"content":{"rendered":"\n<p><em>Rafah.<\/em>&nbsp;La v\u00edspera del Ramad\u00e1n, el ej\u00e9rcito israel\u00ed volvi\u00f3 a bombardear la franja de Gaza con saldo de decenas de muertos, en medio de una fuerte movilizaci\u00f3n internacional para enviar ayuda humanitaria a la poblaci\u00f3n del enclave que se encuentra al borde de la hambruna.<\/p>\n\n\n\n<p>En la Jerusal\u00e9n ocupada, el ej\u00e9rcito israel\u00ed impidi\u00f3 a los palestinos entrar en la mezquita de Al Aqsa para rezar, a pesar de que hoy es el primer d\u00eda del Ramad\u00e1n, mientras en Gaza realizaron los ritos en espacios habilitados entre las ruinas, en la oscuridad, luego de que los bombardeos destruyeron m\u00e1s de mil mezquitas desde que comenz\u00f3 la guerra, el 7 de octubre pasado.<\/p>\n\n\n\n<p>La devastaci\u00f3n se exiende a un mill\u00f3n de metros cuadrados de carreteras a lo largo de la franja, denunci\u00f3 Asem Nabeh, miembro del comit\u00e9 de emergencia del municipio de Gaza, a la televisora catar\u00ed Al Jazeera.&nbsp;<q>Los municipios necesitan maquinaria, equipo pesado y combustible<\/q>, agreg\u00f3 Nabeh, al tiempo que se\u00f1al\u00f3 otro problema: la ciudad acumul\u00f3 70 mil toneladas de basura.<\/p>\n\n\n\n<p>Por otra parte, el funcionario coment\u00f3 que si bien la ayuda alimentaria que lleg\u00f3 es importante, no satisface las necesidades de los ciudadanos y agreg\u00f3 que las reservas de agua subterr\u00e1nea en la franja tambi\u00e9n est\u00e1n en peligro.&nbsp;<q>La proporci\u00f3n per c\u00e1pita de agua en el municipio de Gaza es ahora de dos litros por d\u00eda<\/q>, afirm\u00f3.<\/p>\n\n\n\n<p>Una joven de 20 a\u00f1os falleci\u00f3 por desnutrici\u00f3n y falta de agua en el hospital Al Shifa.&nbsp;<q>Ten\u00eda una enfermedad cr\u00f3nica y necesitaba frutas, verduras y carne<\/q>, indic\u00f3 un familiar.<\/p>\n\n\n\n<p><q>Ella sucumbi\u00f3 a la deshidrataci\u00f3n y la desnutrici\u00f3n<\/q>, apunt\u00f3 uno de los m\u00e9dicos.&nbsp;<q>Nos encontramos con casos similares todos los d\u00edas, incluyendo tanto j\u00f3venes como ancianos. Est\u00e1n perdiendo la vida debido a la falta de comida y medicamentos<\/q>, explic\u00f3.<\/p>\n\n\n\n<p>Un primer barco cargado con 200 toneladas de apoyo alimentario estaba listo para zarpar desde Chipre, a la espera de las condiciones meteorol\u00f3gicas adecuadas, as\u00ed como las garant\u00edas de seguridad y los permisos de Israel. Se trata de una iniciativa preparada durante varias semanas por Open Arms y World Central Kitchen, esta \u00faltima ONG fundada por el chef espa\u00f1ol Jos\u00e9 Andr\u00e9s, responsable del operativo.<\/p>\n\n\n\n<p>El viaje de Open Arms&nbsp;<q>no tiene nada que ver<\/q>&nbsp;con la apertura de un corredor humanitario anunciado el viernes por la presidenta de la Comisi\u00f3n Europea, Ursula Von der Leyen, aclar\u00f3 una vocera de la instituci\u00f3n, seg\u00fan el portal Infobae.<\/p>\n\n\n\n<p>Algunos habitantes de Gaza acudieron ayer a una playa del sur de ciudad con la esperanza de ver llegar al barco.&nbsp;<q>Estoy esperando desde esta ma\u00f1ana porque la situaci\u00f3n es tr\u00e1gica<\/q>, declar\u00f3 Mohammed Harrara a la agencia Afp.<\/p>\n\n\n\n<p><q>Dijeron que iba llegar un barco lleno de ayuda y que la gente podr\u00e1 comer<\/q>, a\u00f1adi\u00f3 otro palestino.&nbsp;<q>S\u00f3lo Dios sabe. No lo creeremos hasta verlo<\/q>, a\u00f1adi\u00f3.<\/p>\n\n\n\n<p>En tanto, el primer ministro israel\u00ed, Benjamin Netanyahu, detall\u00f3 al peri\u00f3dico alem\u00e1n&nbsp;<em>Bild<\/em>&nbsp;que al menos 13 mil&nbsp;<q>terroristas<\/q>&nbsp;se encontraban entre los palestinos muertos durante el asalto a\u00e9reo y terrestre de Israel contra Gaza. Transcurridos cinco meses de la campa\u00f1a israel\u00ed tras el ataque de Hamas, las autoridades sanitarias palestinas afirman que han muerto m\u00e1s de 31 mil palestinos.<\/p>\n\n\n\n<p>Ambas partes en conflicto se acusan mutuamente de impedir un acuerdo de alto el fuego. El jefe de Hamas, Ismail Haniyeh, manifest\u00f3 ayer que el grupo islamita sigue&nbsp;<q>abierto a continuar las negociaciones<\/q>&nbsp;para una tregua.&nbsp;<q>No queremos un acuerdo que no ponga fin a la guerra en Gaza<\/q>, sostuvo Haniyeh en un discurso televisado.<\/p>\n\n\n\n<p>Hamas exige que Israel se comprometa a poner fin a su ofensiva militar, retirar sus fuerzas y permitir a los palestinos desplazados regresar a sus hogares en toda la franja de Gaza.<\/p>\n\n\n\n<p>Benny Gantz, miembro del gabinete de guerra israel\u00ed, declar\u00f3 que Hamas quiere que el Ramad\u00e1n&nbsp;<q>pase de ser un mes de oraci\u00f3n a ser un mes de derramamiento de sangre<\/q>.<\/p>\n\n\n\n<p>Al cierre de esta edici\u00f3n, el presidente de Estados Unidos, Joe Biden, felicit\u00f3 el inicio del mes sagrado musulm\u00e1n, que ha llegado en un momento&nbsp;<q>de inmenso dolor<\/q>&nbsp;por la muerte de 31 mil palestinos en los ataques israel\u00edes.<\/p>\n","protected":false},"excerpt":{"rendered":"<p>Rafah.&nbsp;La v\u00edspera del Ramad\u00e1n, el ej\u00e9rcito israel\u00ed volvi\u00f3 a bombardear la franja de Gaza con saldo de decenas de muertos, en medio de una fuerte movilizaci\u00f3n internacional para enviar ayuda humanitaria a la poblaci\u00f3n del enclave que se encuentra al borde de la hambruna. En la Jerusal\u00e9n ocupada, el ej\u00e9rcito israel\u00ed impidi\u00f3 a los palestinos [&hellip;]<\/p>\n","protected":false},"author":1,"featured_media":6722,"comment_status":"open","ping_status":"open","sticky":false,"template":"","format":"standard","meta":{"content-type":"","footnotes":""},"categories":[7],"tags":[],"class_list":{"0":"post-6721","1":"post","2":"type-post","3":"status-publish","4":"format-standard","5":"has-post-thumbnail","7":"category-internacional"},"_links":{"self":[{"href":"https:\/\/www.regioncuatronoticias.com\/index.php\/wp-json\/wp\/v2\/posts\/6721","targetHints":{"allow":["GET"]}}],"collection":[{"href":"https:\/\/www.regioncuatronoticias.com\/index.php\/wp-json\/wp\/v2\/posts"}],"about":[{"href":"https:\/\/www.regioncuatronoticias.com\/index.php\/wp-json\/wp\/v2\/types\/post"}],"author":[{"embeddable":true,"href":"https:\/\/www.regioncuatronoticias.com\/index.php\/wp-json\/wp\/v2\/users\/1"}],"replies":[{"embeddable":true,"href":"https:\/\/www.regioncuatronoticias.com\/index.php\/wp-json\/wp\/v2\/comments?post=6721"}],"version-history":[{"count":1,"href":"https:\/\/www.regioncuatronoticias.com\/index.php\/wp-json\/wp\/v2\/posts\/6721\/revisions"}],"predecessor-version":[{"id":6723,"href":"https:\/\/www.regioncuatronoticias.com\/index.php\/wp-json\/wp\/v2\/posts\/6721\/revisions\/6723"}],"wp:featuredmedia":[{"embeddable":true,"href":"https:\/\/www.regioncuatronoticias.com\/index.php\/wp-json\/wp\/v2\/media\/6722"}],"wp:attachment":[{"href":"https:\/\/www.regioncuatronoticias.com\/index.php\/wp-json\/wp\/v2\/media?parent=6721"}],"wp:term":[{"taxonomy":"category","embeddable":true,"href":"https:\/\/www.regioncuatronoticias.com\/index.php\/wp-json\/wp\/v2\/categories?post=6721"},{"taxonomy":"post_tag","embeddable":true,"href":"https:\/\/www.regioncuatronoticias.com\/index.php\/wp-json\/wp\/v2\/tags?post=6721"}],"curies":[{"name":"wp","href":"https:\/\/api.w.org\/{rel}","templated":true}]}}