{"id":6696,"date":"2024-03-09T07:41:28","date_gmt":"2024-03-09T14:41:28","guid":{"rendered":"https:\/\/www.regioncuatronoticias.com\/?p=6696"},"modified":"2024-03-09T07:41:30","modified_gmt":"2024-03-09T14:41:30","slug":"no-voy-a-satanizar-a-los-migrantes-biden","status":"publish","type":"post","link":"https:\/\/www.regioncuatronoticias.com\/index.php\/2024\/03\/09\/no-voy-a-satanizar-a-los-migrantes-biden\/","title":{"rendered":"No voy a satanizar a los migrantes: Biden"},"content":{"rendered":"\n<p>Enfocado en la crisis humanitaria en la frontera con M\u00e9xico, el presidente de Estados Unidos, Joe Biden, prometi\u00f3 que no criminalizar\u00e1 a los migrantes.<\/p>\n\n\n\n<p>No satanizar\u00e9 a los inmigrantes diciendo que est\u00e1n envenenando la sangre de nuestro pa\u00eds. No voy a separar familias, no voy a prohibir el ingreso de personas por su fe\u201d, expres\u00f3 ayer en el discurso del Estado de la Uni\u00f3n.<\/p>\n\n\n\n<p>Con eso, el dem\u00f3crata aludi\u00f3 a las pol\u00edticas migratorias de su antecesor, el republicano Donald Trump, su virtual rival para las elecciones de noviembre.<\/p>\n\n\n\n<p>Somos la \u00fanica naci\u00f3n que se nutre de gente de todo el mundo, de gente que ha venido desde distintos lugares del planeta, algunos vinieron encadenados, otros libremente, pero todos venimos de alguna parte\u201d, insisti\u00f3 en el \u00faltimo mensaje de su primer periodo en la Casa Blanca.<\/p>\n\n\n\n<p>dem\u00e1s, Biden llam\u00f3 al republicano a trabajar en conjunto por un pacto que permita cerrar la frontera cuando est\u00e9 desbordada.<\/p>\n\n\n\n<p>Sin embargo, nunca mencion\u00f3 expl\u00edcitamente a Trump, sino que se refiri\u00f3 a \u00e9l como \u201csu antecesor\u201d en 13 ocasiones.<\/p>\n\n\n\n<p>Mi prop\u00f3sito es despertar al Congreso y hacerles saber que es un momento singular, la democracia est\u00e1 siendo atacada\u201d, asegur\u00f3.<\/p>\n\n\n\n<p>Estoy aqu\u00ed para mostrarles el camino que debemos seguir\u201d, agreg\u00f3.<\/p>\n\n\n\n<p>Entre las congresistas, hab\u00eda mujeres vestidas de blanco en defensa de los derechos de las mujeres, algunas dem\u00f3cratas iban de negro en se\u00f1al de luto por las 30 mil muertes por los ataques de Israel en Gaza.<\/p>\n\n\n\n<p>En el mensaje que se prolong\u00f3 por m\u00e1s de una hora, llam\u00f3 a respaldar a Ucrania, a frenar el uso de las armas de fuego, a bajar el precio de los medicamentos y a mejorar el salario de los trabajadores.<\/p>\n\n\n\n<p>Biden reiter\u00f3 su llamado a una tregua de seis semanas en la Franja de Gaza e inst\u00f3 a Israel a permitir m\u00e1s ayuda humanitaria.<\/p>\n\n\n\n<p>El presidente de 81 a\u00f1os de edad aludi\u00f3 a las cr\u00edticas sobre su posible estado de salud deteriorado.<\/p>\n\n\n\n<p>Joven o viejo, s\u00e9 lo que es perdurable, s\u00e9 cu\u00e1l es nuestro norte. La idea de Estados Unidos es que todos somos creados iguales y merecemos ser tratados en equidad. No hemos alcanzado ese ideal pero nunca le hemos dado la espalda, somos optimistas\u201d, dijo.<\/p>\n","protected":false},"excerpt":{"rendered":"<p>Enfocado en la crisis humanitaria en la frontera con M\u00e9xico, el presidente de Estados Unidos, Joe Biden, prometi\u00f3 que no criminalizar\u00e1 a los migrantes. No satanizar\u00e9 a los inmigrantes diciendo que est\u00e1n envenenando la sangre de nuestro pa\u00eds. No voy a separar familias, no voy a prohibir el ingreso de personas por su fe\u201d, expres\u00f3 [&hellip;]<\/p>\n","protected":false},"author":1,"featured_media":6697,"comment_status":"open","ping_status":"open","sticky":false,"template":"","format":"standard","meta":{"content-type":"","footnotes":""},"categories":[7],"tags":[],"class_list":{"0":"post-6696","1":"post","2":"type-post","3":"status-publish","4":"format-standard","5":"has-post-thumbnail","7":"category-internacional"},"_links":{"self":[{"href":"https:\/\/www.regioncuatronoticias.com\/index.php\/wp-json\/wp\/v2\/posts\/6696","targetHints":{"allow":["GET"]}}],"collection":[{"href":"https:\/\/www.regioncuatronoticias.com\/index.php\/wp-json\/wp\/v2\/posts"}],"about":[{"href":"https:\/\/www.regioncuatronoticias.com\/index.php\/wp-json\/wp\/v2\/types\/post"}],"author":[{"embeddable":true,"href":"https:\/\/www.regioncuatronoticias.com\/index.php\/wp-json\/wp\/v2\/users\/1"}],"replies":[{"embeddable":true,"href":"https:\/\/www.regioncuatronoticias.com\/index.php\/wp-json\/wp\/v2\/comments?post=6696"}],"version-history":[{"count":1,"href":"https:\/\/www.regioncuatronoticias.com\/index.php\/wp-json\/wp\/v2\/posts\/6696\/revisions"}],"predecessor-version":[{"id":6698,"href":"https:\/\/www.regioncuatronoticias.com\/index.php\/wp-json\/wp\/v2\/posts\/6696\/revisions\/6698"}],"wp:featuredmedia":[{"embeddable":true,"href":"https:\/\/www.regioncuatronoticias.com\/index.php\/wp-json\/wp\/v2\/media\/6697"}],"wp:attachment":[{"href":"https:\/\/www.regioncuatronoticias.com\/index.php\/wp-json\/wp\/v2\/media?parent=6696"}],"wp:term":[{"taxonomy":"category","embeddable":true,"href":"https:\/\/www.regioncuatronoticias.com\/index.php\/wp-json\/wp\/v2\/categories?post=6696"},{"taxonomy":"post_tag","embeddable":true,"href":"https:\/\/www.regioncuatronoticias.com\/index.php\/wp-json\/wp\/v2\/tags?post=6696"}],"curies":[{"name":"wp","href":"https:\/\/api.w.org\/{rel}","templated":true}]}}