{"id":6671,"date":"2024-03-09T07:28:24","date_gmt":"2024-03-09T14:28:24","guid":{"rendered":"https:\/\/www.regioncuatronoticias.com\/?p=6671"},"modified":"2024-03-09T07:28:26","modified_gmt":"2024-03-09T14:28:26","slug":"uteg-esto-publico-y-asi-vestia-el-feminicida-de-dos-secretarias-en-guadalajara","status":"publish","type":"post","link":"https:\/\/www.regioncuatronoticias.com\/index.php\/2024\/03\/09\/uteg-esto-publico-y-asi-vestia-el-feminicida-de-dos-secretarias-en-guadalajara\/","title":{"rendered":"UTEG: Esto public\u00f3 y as\u00ed vest\u00eda el feminicida de dos secretarias en Guadalajara"},"content":{"rendered":"\n<p>Guadalajara. \u2013 Gabriel Alejandro \u201cN\u201d, joven a quien se le atribuyen tres presuntos feminicidios en Guadalajara, tuvo una actividad constante en sus redes sociales previo y posterior a sus cr\u00edmenes.<\/p>\n\n\n\n<p>Esto pudo conocerse mediante los trabajos de investigaciones realizados por las autoridades, en el entendido que el individuo fue detenido el d\u00eda mi\u00e9rcoles 6 de marzo, despu\u00e9s del doble feminicidio en la Universidad Tecnol\u00f3gica de Guadalajara, cuyas v\u00edctimas eran trabajadoras del \u00e1rea administrativa.<\/p>\n\n\n\n<p>El presunto, a trav\u00e9s de su cuenta de Facebook, public\u00f3 la ma\u00f1ana del mi\u00e9rcoles que \u201cHoy es el d\u00eda\u201d, sin brindar m\u00e1s detalles.<\/p>\n\n\n\n<p>El mensaje no fue bien recibido por la audiencia, quien reaccion\u00f3 del m\u00e1s de 20 \u201cme enoja\u201d, que bien pudieron presentarse despu\u00e9s de que se diera a conocer la noticia que involucraba a Gabriel.<\/p>\n\n\n\n<p>Ya durante la tarde de ese mismo d\u00eda, el chico public\u00f3 una serie de fotograf\u00edas donde mostraba las armas que utilizar\u00eda en sus cr\u00edmenes.<\/p>\n\n\n\n<p>Tambi\u00e9n mostr\u00f3 tres cuchillos y un hacha, a la par de una mascada con el estampado de una calavera, unos guantes color negro y una funda.<\/p>\n\n\n\n<p>Gabriel Alejandro subi\u00f3 una foto donde se deja ver sosteniendo el hacha, postal tomada desde el ba\u00f1o del motel donde habr\u00eda asesinado a la primera de las tres v\u00edctimas totales.<\/p>\n\n\n\n<p>Las investigaciones realizadas por la Fiscal\u00eda de Jalisco se\u00f1alan que el detenido sol\u00eda conversar en una sala de WhatsApp donde tocaban temas como cr\u00edmenes y gore.<\/p>\n\n\n\n<p>\u201cHay una persona que est\u00e1 brindando informaci\u00f3n de este sujeto que parece que formaba parte de una especie de grupos de WhatsApp de aplicaciones de internet en donde se meten a compartir historias y buscar casos de cr\u00edmenes por fanatismo\u201d, declar\u00f3 Luis Joaqu\u00edn M\u00e9ndez Ruiz, fiscal de Jalisco.<\/p>\n\n\n\n<p>Se espera que en las pr\u00f3ximas horas, Gabriel Alejandro sea presentado ante un juez en Puente Grande, para luego ser enviado al reclusorio metropolitano, complejo para perfiles de alta peligrosidad.<\/p>\n","protected":false},"excerpt":{"rendered":"<p>Guadalajara. \u2013 Gabriel Alejandro \u201cN\u201d, joven a quien se le atribuyen tres presuntos feminicidios en Guadalajara, tuvo una actividad constante en sus redes sociales previo y posterior a sus cr\u00edmenes. Esto pudo conocerse mediante los trabajos de investigaciones realizados por las autoridades, en el entendido que el individuo fue detenido el d\u00eda mi\u00e9rcoles 6 de [&hellip;]<\/p>\n","protected":false},"author":1,"featured_media":6672,"comment_status":"open","ping_status":"open","sticky":false,"template":"","format":"standard","meta":{"content-type":"","footnotes":""},"categories":[113],"tags":[],"class_list":{"0":"post-6671","1":"post","2":"type-post","3":"status-publish","4":"format-standard","5":"has-post-thumbnail","7":"category-seguridad"},"_links":{"self":[{"href":"https:\/\/www.regioncuatronoticias.com\/index.php\/wp-json\/wp\/v2\/posts\/6671","targetHints":{"allow":["GET"]}}],"collection":[{"href":"https:\/\/www.regioncuatronoticias.com\/index.php\/wp-json\/wp\/v2\/posts"}],"about":[{"href":"https:\/\/www.regioncuatronoticias.com\/index.php\/wp-json\/wp\/v2\/types\/post"}],"author":[{"embeddable":true,"href":"https:\/\/www.regioncuatronoticias.com\/index.php\/wp-json\/wp\/v2\/users\/1"}],"replies":[{"embeddable":true,"href":"https:\/\/www.regioncuatronoticias.com\/index.php\/wp-json\/wp\/v2\/comments?post=6671"}],"version-history":[{"count":1,"href":"https:\/\/www.regioncuatronoticias.com\/index.php\/wp-json\/wp\/v2\/posts\/6671\/revisions"}],"predecessor-version":[{"id":6673,"href":"https:\/\/www.regioncuatronoticias.com\/index.php\/wp-json\/wp\/v2\/posts\/6671\/revisions\/6673"}],"wp:featuredmedia":[{"embeddable":true,"href":"https:\/\/www.regioncuatronoticias.com\/index.php\/wp-json\/wp\/v2\/media\/6672"}],"wp:attachment":[{"href":"https:\/\/www.regioncuatronoticias.com\/index.php\/wp-json\/wp\/v2\/media?parent=6671"}],"wp:term":[{"taxonomy":"category","embeddable":true,"href":"https:\/\/www.regioncuatronoticias.com\/index.php\/wp-json\/wp\/v2\/categories?post=6671"},{"taxonomy":"post_tag","embeddable":true,"href":"https:\/\/www.regioncuatronoticias.com\/index.php\/wp-json\/wp\/v2\/tags?post=6671"}],"curies":[{"name":"wp","href":"https:\/\/api.w.org\/{rel}","templated":true}]}}