{"id":6665,"date":"2024-03-09T07:26:17","date_gmt":"2024-03-09T14:26:17","guid":{"rendered":"https:\/\/www.regioncuatronoticias.com\/?p=6665"},"modified":"2024-03-09T07:26:18","modified_gmt":"2024-03-09T14:26:18","slug":"mueren-2-al-caer-helicoptero-de-la-guardia-nacional-en-la-frontera-de-eu-y-mexico","status":"publish","type":"post","link":"https:\/\/www.regioncuatronoticias.com\/index.php\/2024\/03\/09\/mueren-2-al-caer-helicoptero-de-la-guardia-nacional-en-la-frontera-de-eu-y-mexico\/","title":{"rendered":"Mueren 2 al caer helic\u00f3ptero de la Guardia Nacional en la frontera de EU y M\u00e9xico"},"content":{"rendered":"\n<p>Los \u00c1ngeles.- Dos muertos y dos heridos dej\u00f3 el accidente de un helic\u00f3ptero de la Guardia Nacional de Estados Unidos que se estrell\u00f3 la tarde de este viernes cerca de la frontera de Texas con M\u00e9xico, seg\u00fan reportaron medios locales.<\/p>\n\n\n\n<p>El accidente ocurri\u00f3 en La Grulla, un peque\u00f1o pueblo del condado de Starr, en el sector del r\u00edo Grande (r\u00edo Bravo en M\u00e9xico), confirm\u00f3 Chris Olivarez, vocero del Departamento de Seguridad P\u00fablica de Texas a la televisora KXAN, parte del grupo Nexstar.<\/p>\n\n\n\n<p>Al menos cuatro personas viajaban en el aparato. No se conoce hasta el momento la gravedad de las personas que quedaron heridas.<\/p>\n\n\n\n<p>La aeronave estaba respaldando operativos militares del gobierno federal conjuntos con la Patrulla Fronteriza de Estados Unidos.<\/p>\n\n\n\n<p>El helic\u00f3ptero no hac\u00eda parte del operativo Estrella Solitaria, iniciado por el gobernador de Texas, el republicano Greg Abbott, en 2021 para incrementar la seguridad de la frontera, que tambi\u00e9n ha dispuesto varias aeronaves en la vigilancia de la frontera.<\/p>\n\n\n\n<p><\/p>\n","protected":false},"excerpt":{"rendered":"<p>Los \u00c1ngeles.- Dos muertos y dos heridos dej\u00f3 el accidente de un helic\u00f3ptero de la Guardia Nacional de Estados Unidos que se estrell\u00f3 la tarde de este viernes cerca de la frontera de Texas con M\u00e9xico, seg\u00fan reportaron medios locales. El accidente ocurri\u00f3 en La Grulla, un peque\u00f1o pueblo del condado de Starr, en el [&hellip;]<\/p>\n","protected":false},"author":1,"featured_media":6666,"comment_status":"open","ping_status":"open","sticky":false,"template":"","format":"standard","meta":{"content-type":"","footnotes":""},"categories":[3],"tags":[],"class_list":{"0":"post-6665","1":"post","2":"type-post","3":"status-publish","4":"format-standard","5":"has-post-thumbnail","7":"category-mexico"},"_links":{"self":[{"href":"https:\/\/www.regioncuatronoticias.com\/index.php\/wp-json\/wp\/v2\/posts\/6665","targetHints":{"allow":["GET"]}}],"collection":[{"href":"https:\/\/www.regioncuatronoticias.com\/index.php\/wp-json\/wp\/v2\/posts"}],"about":[{"href":"https:\/\/www.regioncuatronoticias.com\/index.php\/wp-json\/wp\/v2\/types\/post"}],"author":[{"embeddable":true,"href":"https:\/\/www.regioncuatronoticias.com\/index.php\/wp-json\/wp\/v2\/users\/1"}],"replies":[{"embeddable":true,"href":"https:\/\/www.regioncuatronoticias.com\/index.php\/wp-json\/wp\/v2\/comments?post=6665"}],"version-history":[{"count":1,"href":"https:\/\/www.regioncuatronoticias.com\/index.php\/wp-json\/wp\/v2\/posts\/6665\/revisions"}],"predecessor-version":[{"id":6667,"href":"https:\/\/www.regioncuatronoticias.com\/index.php\/wp-json\/wp\/v2\/posts\/6665\/revisions\/6667"}],"wp:featuredmedia":[{"embeddable":true,"href":"https:\/\/www.regioncuatronoticias.com\/index.php\/wp-json\/wp\/v2\/media\/6666"}],"wp:attachment":[{"href":"https:\/\/www.regioncuatronoticias.com\/index.php\/wp-json\/wp\/v2\/media?parent=6665"}],"wp:term":[{"taxonomy":"category","embeddable":true,"href":"https:\/\/www.regioncuatronoticias.com\/index.php\/wp-json\/wp\/v2\/categories?post=6665"},{"taxonomy":"post_tag","embeddable":true,"href":"https:\/\/www.regioncuatronoticias.com\/index.php\/wp-json\/wp\/v2\/tags?post=6665"}],"curies":[{"name":"wp","href":"https:\/\/api.w.org\/{rel}","templated":true}]}}