{"id":6562,"date":"2024-03-07T10:51:50","date_gmt":"2024-03-07T17:51:50","guid":{"rendered":"https:\/\/www.regioncuatronoticias.com\/?p=6562"},"modified":"2024-03-07T10:51:52","modified_gmt":"2024-03-07T17:51:52","slug":"advierte-salud-sonora-por-ingreso-de-nuevo-frente-frio-a-la-entidad","status":"publish","type":"post","link":"https:\/\/www.regioncuatronoticias.com\/index.php\/2024\/03\/07\/advierte-salud-sonora-por-ingreso-de-nuevo-frente-frio-a-la-entidad\/","title":{"rendered":"Advierte Salud Sonora por ingreso de nuevo frente fr\u00edo a la entidad"},"content":{"rendered":"\n<p>Por la presencia de las bajas temperaturas que dejar\u00e1 un nuevo frente fr\u00edo en la entidad, la Secretar\u00eda de Salud (SSa), hizo un llamado a abrigarse bien antes de salir de casa y evitar los cambios bruscos de temperatura.<\/p>\n\n\n\n<p>Ante la baja de temperaturas, la dependencia recomend\u00f3 brindar los cuidados necesarios a ni\u00f1as y ni\u00f1os menores de edad, as\u00ed como adultos mayores y personas que viven con alguna comorbilidad o enfermedad no transmisible, como diabetes, hipertensi\u00f3n, obesidad, c\u00e1ncer o con un sistema inmune comprometido.<\/p>\n\n\n\n<p>Algunas de las medidas de prevenci\u00f3n que la SSA emite son: vacunarse contra enfermedades respiratorias, como influenza y covid-19; en caso de tener que salir de casa, hay que abrigarse bien, utilizando ropa t\u00e9rmica, chamarra gruesa, y de ser necesario, gorro, guantes y cubreboca.<\/p>\n\n\n\n<p>Debido a que se esperan lluvias en Sonora, tambi\u00e9n se pidi\u00f3 a la poblaci\u00f3n manejar de manera responsable, revisar el carro antes de salir a conducir, supervisar los parabrisas y frenos, as\u00ed como el funcionamiento mec\u00e1nico del veh\u00edculo.<\/p>\n\n\n\n<p>De comenzar con s\u00edntomas de enfermedades respiratorias, se recomienda acudir de inmediato a la unidad de salud m\u00e1s cercana y evitar automedicarse.<\/p>\n","protected":false},"excerpt":{"rendered":"<p>Por la presencia de las bajas temperaturas que dejar\u00e1 un nuevo frente fr\u00edo en la entidad, la Secretar\u00eda de Salud (SSa), hizo un llamado a abrigarse bien antes de salir de casa y evitar los cambios bruscos de temperatura. Ante la baja de temperaturas, la dependencia recomend\u00f3 brindar los cuidados necesarios a ni\u00f1as y ni\u00f1os [&hellip;]<\/p>\n","protected":false},"author":1,"featured_media":6563,"comment_status":"open","ping_status":"open","sticky":false,"template":"","format":"standard","meta":{"content-type":"","footnotes":""},"categories":[9],"tags":[],"class_list":{"0":"post-6562","1":"post","2":"type-post","3":"status-publish","4":"format-standard","5":"has-post-thumbnail","7":"category-sonora"},"_links":{"self":[{"href":"https:\/\/www.regioncuatronoticias.com\/index.php\/wp-json\/wp\/v2\/posts\/6562","targetHints":{"allow":["GET"]}}],"collection":[{"href":"https:\/\/www.regioncuatronoticias.com\/index.php\/wp-json\/wp\/v2\/posts"}],"about":[{"href":"https:\/\/www.regioncuatronoticias.com\/index.php\/wp-json\/wp\/v2\/types\/post"}],"author":[{"embeddable":true,"href":"https:\/\/www.regioncuatronoticias.com\/index.php\/wp-json\/wp\/v2\/users\/1"}],"replies":[{"embeddable":true,"href":"https:\/\/www.regioncuatronoticias.com\/index.php\/wp-json\/wp\/v2\/comments?post=6562"}],"version-history":[{"count":1,"href":"https:\/\/www.regioncuatronoticias.com\/index.php\/wp-json\/wp\/v2\/posts\/6562\/revisions"}],"predecessor-version":[{"id":6564,"href":"https:\/\/www.regioncuatronoticias.com\/index.php\/wp-json\/wp\/v2\/posts\/6562\/revisions\/6564"}],"wp:featuredmedia":[{"embeddable":true,"href":"https:\/\/www.regioncuatronoticias.com\/index.php\/wp-json\/wp\/v2\/media\/6563"}],"wp:attachment":[{"href":"https:\/\/www.regioncuatronoticias.com\/index.php\/wp-json\/wp\/v2\/media?parent=6562"}],"wp:term":[{"taxonomy":"category","embeddable":true,"href":"https:\/\/www.regioncuatronoticias.com\/index.php\/wp-json\/wp\/v2\/categories?post=6562"},{"taxonomy":"post_tag","embeddable":true,"href":"https:\/\/www.regioncuatronoticias.com\/index.php\/wp-json\/wp\/v2\/tags?post=6562"}],"curies":[{"name":"wp","href":"https:\/\/api.w.org\/{rel}","templated":true}]}}