{"id":6444,"date":"2024-03-05T06:10:46","date_gmt":"2024-03-05T13:10:46","guid":{"rendered":"https:\/\/www.regioncuatronoticias.com\/?p=6444"},"modified":"2024-03-05T06:10:48","modified_gmt":"2024-03-05T13:10:48","slug":"corte-suprema-de-eu-bloquea-ley-de-texas-que-permite-la-expulsion-de-migrantes","status":"publish","type":"post","link":"https:\/\/www.regioncuatronoticias.com\/index.php\/2024\/03\/05\/corte-suprema-de-eu-bloquea-ley-de-texas-que-permite-la-expulsion-de-migrantes\/","title":{"rendered":"Corte Suprema de EU bloquea ley de Texas que permite la expulsi\u00f3n de migrantes"},"content":{"rendered":"\n<p>Los \u00c1ngeles.- La Corte Suprema bloque\u00f3 temporalmente este lunes la entrada en vigor de una pol\u00e9mica ley de Texas que permite a las autoridades policiales detener y expulsar a migrantes de los cuales sospechen que ingresaron de forma ilegal a Estados Unidos, y que deb\u00eda entrar en vigencia el pr\u00f3ximo domingo.<\/p>\n\n\n\n<p>La orden emitida por el juez conservador Samuel Alito se da en respuesta a una solicitud de emergencia presentada por el gobierno del presidente Joe Biden.<\/p>\n\n\n\n<p>La ley, aprobada el a\u00f1o pasado por la Legislatura de Texas, es una de las medidas antiinmigrantes m\u00e1s dr\u00e1sticas en la historia estadounidense.<\/p>\n\n\n\n<p>La semana pasada un magistrado federal de Texas ya hab\u00eda aplazado la entrada en vigor de la medida tras una demanda de varias organizaciones y el condado de El Paso (Texas), que alegan que la ley es inconstitucional porque las autoridades locales no tienen jurisdicci\u00f3n para tomar medidas en materia migratoria propias del gobierno federal.<\/p>\n\n\n\n<p>Pero el Tribunal de Apelaciones del Quinto Circuito ech\u00f3 abajo la decisi\u00f3n del magistrado llevando la batalla legal hasta la \u00faltima instancia.<\/p>\n\n\n\n<p>Alito ha dado hasta el 13 de marzo a los jueces del Supremo para determinar los pasos a seguir en esta nueva pelea legal entre Texas y el gobierno Biden.<\/p>\n\n\n\n<p>La ley (SB 88-4) convierte en delito menor el que un extranjero &#8220;ingrese o intente ingresar al Estado desde una naci\u00f3n extranjera&#8221; de forma irregular. La falta se convierte en un crimen grave, punible hasta con 20 a\u00f1os de prisi\u00f3n, si el infractor es reincidente.<\/p>\n\n\n\n<p>La iniciativa tambi\u00e9n permite a la justicia estatal ordenar la expulsi\u00f3n de personas sin mediar proceso legal. Asimismo, los oficiales de polic\u00eda podr\u00e1n arrestar a cualquier individuo del que sospechen que ingres\u00f3 ilegalmente al pa\u00eds, y tendr\u00e1n la facultad discrecional de expulsarlo a M\u00e9xico en vez de arrestarlo.<\/p>\n\n\n\n<p>En la presentaci\u00f3n de emergencia del lunes, la fiscal de Estados Unidos, Elizabeth Prelogar, argument\u00f3 que la SB 88-4 es &#8220;rotundamente inconsistente&#8221; con el precedente de los fallos del m\u00e1ximo tribunal.<\/p>\n\n\n\n<p>\u201cEsas decisiones reconocen que la autoridad de admitir y remover a personas que no son ciudadanas es una responsabilidad esencial del gobierno nacional\u201d, escribi\u00f3 Prelogar en los documentos judiciales citados por NBC.<\/p>\n\n\n\n<p>El fiscal general de Texas, el republicano Ken Paxton, lament\u00f3 en un mensaje en X el bloqueo temporal pero advirti\u00f3 que seguir\u00e1 defendiendo la ley.<\/p>\n\n\n\n<p>Por su parte los demandantes encabezados por la Uni\u00f3n Estadounidense de Libertades Civiles (ACLU) de Texas dijeron en un comunicado que la ley \u201cconducir\u00e1 a la discriminaci\u00f3n racial&#8221; en todo el estado, en especial contra los hispanos.<\/p>\n\n\n\n<p>&#8220;Instamos a la Corte Suprema a revocar la suspensi\u00f3n administrativa del tribunal de apelaciones y preservar la decisi\u00f3n que impide que esta ley da\u00f1ina entre en vigor\u201d, agregaron las organizaciones y los defensores de los inmigrantes.<\/p>\n","protected":false},"excerpt":{"rendered":"<p>Los \u00c1ngeles.- La Corte Suprema bloque\u00f3 temporalmente este lunes la entrada en vigor de una pol\u00e9mica ley de Texas que permite a las autoridades policiales detener y expulsar a migrantes de los cuales sospechen que ingresaron de forma ilegal a Estados Unidos, y que deb\u00eda entrar en vigencia el pr\u00f3ximo domingo. La orden emitida por [&hellip;]<\/p>\n","protected":false},"author":1,"featured_media":6445,"comment_status":"open","ping_status":"open","sticky":false,"template":"","format":"standard","meta":{"content-type":"","footnotes":""},"categories":[7],"tags":[],"class_list":{"0":"post-6444","1":"post","2":"type-post","3":"status-publish","4":"format-standard","5":"has-post-thumbnail","7":"category-internacional"},"_links":{"self":[{"href":"https:\/\/www.regioncuatronoticias.com\/index.php\/wp-json\/wp\/v2\/posts\/6444","targetHints":{"allow":["GET"]}}],"collection":[{"href":"https:\/\/www.regioncuatronoticias.com\/index.php\/wp-json\/wp\/v2\/posts"}],"about":[{"href":"https:\/\/www.regioncuatronoticias.com\/index.php\/wp-json\/wp\/v2\/types\/post"}],"author":[{"embeddable":true,"href":"https:\/\/www.regioncuatronoticias.com\/index.php\/wp-json\/wp\/v2\/users\/1"}],"replies":[{"embeddable":true,"href":"https:\/\/www.regioncuatronoticias.com\/index.php\/wp-json\/wp\/v2\/comments?post=6444"}],"version-history":[{"count":1,"href":"https:\/\/www.regioncuatronoticias.com\/index.php\/wp-json\/wp\/v2\/posts\/6444\/revisions"}],"predecessor-version":[{"id":6446,"href":"https:\/\/www.regioncuatronoticias.com\/index.php\/wp-json\/wp\/v2\/posts\/6444\/revisions\/6446"}],"wp:featuredmedia":[{"embeddable":true,"href":"https:\/\/www.regioncuatronoticias.com\/index.php\/wp-json\/wp\/v2\/media\/6445"}],"wp:attachment":[{"href":"https:\/\/www.regioncuatronoticias.com\/index.php\/wp-json\/wp\/v2\/media?parent=6444"}],"wp:term":[{"taxonomy":"category","embeddable":true,"href":"https:\/\/www.regioncuatronoticias.com\/index.php\/wp-json\/wp\/v2\/categories?post=6444"},{"taxonomy":"post_tag","embeddable":true,"href":"https:\/\/www.regioncuatronoticias.com\/index.php\/wp-json\/wp\/v2\/tags?post=6444"}],"curies":[{"name":"wp","href":"https:\/\/api.w.org\/{rel}","templated":true}]}}