{"id":6408,"date":"2024-03-04T22:11:24","date_gmt":"2024-03-05T05:11:24","guid":{"rendered":"https:\/\/www.regioncuatronoticias.com\/?p=6408"},"modified":"2024-03-04T22:11:26","modified_gmt":"2024-03-05T05:11:26","slug":"puebla-se-coordina-con-sonora-por-menores-abandonados-en-la-frontera-con-arizona","status":"publish","type":"post","link":"https:\/\/www.regioncuatronoticias.com\/index.php\/2024\/03\/04\/puebla-se-coordina-con-sonora-por-menores-abandonados-en-la-frontera-con-arizona\/","title":{"rendered":"Puebla se coordina con Sonora por menores abandonados en la frontera con Arizona"},"content":{"rendered":"\n<p>El secretario de Gobernaci\u00f3n estatal, Javier Aquino Lim\u00f3n, dio a conocer que el gobierno de Puebla se puso en contacto con autoridades de Sonora para colaborar en la atenci\u00f3n de tres menores de edad originarios del municipio de Atlixco, que fueron abandonados en la frontera con Arizona.<\/p>\n\n\n\n<p>A trav\u00e9s de sus redes sociales, dio a conocer que se busca garantizar la integridad de las dos ni\u00f1as y un ni\u00f1o, mientras logran reunirse con su familia.<\/p>\n\n\n\n<p>El funcionario estatal inform\u00f3 que en Sonora se est\u00e1n llevando a cabo las investigaciones correspondientes y reci\u00e9n notificaron a Puebla respecto que, desde Estados Unidos, extraoficialmente se circul\u00f3 la versi\u00f3n de que los hermanos ya se encuentran en un albergue en Nueva York, a la espera de que su madre vaya por ellos y logren permanecer juntos en el extranjero.<\/p>\n\n\n\n<p>&#8220;Desde temprano nos comunicamos con las autoridades de Sonora para manifestar nuestra disposici\u00f3n de colaborar y lograr el reencuentro con sus familiares&#8221;, escribi\u00f3 en su cuenta oficial de X.<\/p>\n\n\n\n<p>De este hecho se supo por un video compartido en redes sociales y que se volvi\u00f3 viral. Fue tomado por el periodista de Univisi\u00f3n, Oscar G\u00f3mez.<\/p>\n\n\n\n<p>En la grabaci\u00f3n relata que los menores viajaban solos y fueron detenidos cerca del muro fronterizo. Los tres hermanitos, de 9, 6 y 3 a\u00f1os, viv\u00edan en Atlixco, y presuntamente fueron abandonados por &#8220;coyotes&#8221; en la frontera entre M\u00e9xico y Arizona.<\/p>\n","protected":false},"excerpt":{"rendered":"<p>El secretario de Gobernaci\u00f3n estatal, Javier Aquino Lim\u00f3n, dio a conocer que el gobierno de Puebla se puso en contacto con autoridades de Sonora para colaborar en la atenci\u00f3n de tres menores de edad originarios del municipio de Atlixco, que fueron abandonados en la frontera con Arizona. A trav\u00e9s de sus redes sociales, dio a [&hellip;]<\/p>\n","protected":false},"author":1,"featured_media":6409,"comment_status":"open","ping_status":"open","sticky":false,"template":"","format":"standard","meta":{"content-type":"","footnotes":""},"categories":[9],"tags":[],"class_list":{"0":"post-6408","1":"post","2":"type-post","3":"status-publish","4":"format-standard","5":"has-post-thumbnail","7":"category-sonora"},"_links":{"self":[{"href":"https:\/\/www.regioncuatronoticias.com\/index.php\/wp-json\/wp\/v2\/posts\/6408","targetHints":{"allow":["GET"]}}],"collection":[{"href":"https:\/\/www.regioncuatronoticias.com\/index.php\/wp-json\/wp\/v2\/posts"}],"about":[{"href":"https:\/\/www.regioncuatronoticias.com\/index.php\/wp-json\/wp\/v2\/types\/post"}],"author":[{"embeddable":true,"href":"https:\/\/www.regioncuatronoticias.com\/index.php\/wp-json\/wp\/v2\/users\/1"}],"replies":[{"embeddable":true,"href":"https:\/\/www.regioncuatronoticias.com\/index.php\/wp-json\/wp\/v2\/comments?post=6408"}],"version-history":[{"count":1,"href":"https:\/\/www.regioncuatronoticias.com\/index.php\/wp-json\/wp\/v2\/posts\/6408\/revisions"}],"predecessor-version":[{"id":6410,"href":"https:\/\/www.regioncuatronoticias.com\/index.php\/wp-json\/wp\/v2\/posts\/6408\/revisions\/6410"}],"wp:featuredmedia":[{"embeddable":true,"href":"https:\/\/www.regioncuatronoticias.com\/index.php\/wp-json\/wp\/v2\/media\/6409"}],"wp:attachment":[{"href":"https:\/\/www.regioncuatronoticias.com\/index.php\/wp-json\/wp\/v2\/media?parent=6408"}],"wp:term":[{"taxonomy":"category","embeddable":true,"href":"https:\/\/www.regioncuatronoticias.com\/index.php\/wp-json\/wp\/v2\/categories?post=6408"},{"taxonomy":"post_tag","embeddable":true,"href":"https:\/\/www.regioncuatronoticias.com\/index.php\/wp-json\/wp\/v2\/tags?post=6408"}],"curies":[{"name":"wp","href":"https:\/\/api.w.org\/{rel}","templated":true}]}}