{"id":6380,"date":"2024-03-04T21:51:17","date_gmt":"2024-03-05T04:51:17","guid":{"rendered":"https:\/\/www.regioncuatronoticias.com\/?p=6380"},"modified":"2024-03-04T21:51:19","modified_gmt":"2024-03-05T04:51:19","slug":"esta-en-nuestra-contra-amlo-a-autoridad-de-onu-que-denuncio-violencia-electoral","status":"publish","type":"post","link":"https:\/\/www.regioncuatronoticias.com\/index.php\/2024\/03\/04\/esta-en-nuestra-contra-amlo-a-autoridad-de-onu-que-denuncio-violencia-electoral\/","title":{"rendered":"Est\u00e1 en nuestra contra: AMLO a autoridad de ONU que denunci\u00f3 violencia electoral"},"content":{"rendered":"\n<p>Ciudad de M\u00e9xico. &#8211; El presidente Andr\u00e9s Manuel L\u00f3pez Obrador, acus\u00f3 este lunes al alto comisionado de la ONU para los derechos humanos, Volker T\u00fcrk, de estar en su &#8220;contra&#8221; por denunciar la violencia desatada en medio de las elecciones en M\u00e9xico, que acumula decenas de asesinatos relacionados.<\/p>\n\n\n\n<p>&#8220;El alto comisionado es muy, con todo respeto, muy tendencioso, est\u00e1 en contra de nosotros y hace comparsa con los que quieren demostrar que M\u00e9xico es un pa\u00eds muy violento. Ya ven lo que hacen nuestros adversarios y los medios de manipulaci\u00f3n\u201d, expres\u00f3 el mandatario en su conferencia matutina.<\/p>\n\n\n\n<p>L\u00f3pez Obrador respondi\u00f3 a las declaraciones de T\u00fcrk, quien este lunes pidi\u00f3 en Ginebra que &#8220;este inmenso ejercicio de los derechos pol\u00edticos y civiles debe salvaguardarse de la violencia&#8221;, en referencia a las elecciones del pr\u00f3ximo 2 de junio en el pa\u00eds norteamericano.<\/p>\n\n\n\n<p>Aunque las campa\u00f1as oficiales comenzaron el viernes pasado, la consultora Data Int document\u00f3 el asesinato de 20 personas que aspiraban a un cargo de elecci\u00f3n popular en lo que va del a\u00f1o electoral, en el que en total han matado a 76 personas &#8220;potencialmente vinculadas al proceso&#8221;.<\/p>\n\n\n\n<p>Con ello, van un 20 por ciento m\u00e1s de asesinatos que en los comicios de 2021.<\/p>\n\n\n\n<p>Tan solo este fin de semana, asesinaron a Alfredo Gonz\u00e1lez D\u00edaz, aspirante del Partido del Trabajo (PT) a ser alcalde de Atoyac de \u00c1lvarez, municipio del sure\u00f1o estado de Guerrero.<\/p>\n\n\n\n<p>&#8220;Muy lamentable en Atoyac este asesinato de un aspirante del PT\u201d, coment\u00f3 al respecto este lunes el mandatario.<\/p>\n\n\n\n<p>Ante los se\u00f1alamientos del alto comisionado de la ONU, L\u00f3pez Obrador asever\u00f3 que su Gobierno est\u00e1 &#8220;apoyando a todos&#8221; los pol\u00edticos, sin importar su afiliaci\u00f3n partidista.<\/p>\n\n\n\n<p>Pero denunci\u00f3 que \u201chay ese ambiente&#8221; en el que sus &#8220;adversarios&#8221; promueven la narrativa &#8220;de la violencia, el agravio a periodistas y a candidatos, o sea, buscando enrarecer&#8221; el ambiente y hablar de &#8220;las elecciones de Estado\u201d.<\/p>\n\n\n\n<p>M\u00e9xico tendr\u00e1 las elecciones m\u00e1s grandes de su historia el 2 de junio, cuando m\u00e1s de 97 millones de mexicanos est\u00e1n convocados a renovar 20 mil 375 cargos federales, incluida la Presidencia de la Rep\u00fablica, los 500 esca\u00f1os de la C\u00e1mara de Diputados y los 128 del Senado, as\u00ed como nueve gobiernos estatales.<\/p>\n","protected":false},"excerpt":{"rendered":"<p>Ciudad de M\u00e9xico. &#8211; El presidente Andr\u00e9s Manuel L\u00f3pez Obrador, acus\u00f3 este lunes al alto comisionado de la ONU para los derechos humanos, Volker T\u00fcrk, de estar en su &#8220;contra&#8221; por denunciar la violencia desatada en medio de las elecciones en M\u00e9xico, que acumula decenas de asesinatos relacionados. &#8220;El alto comisionado es muy, con todo [&hellip;]<\/p>\n","protected":false},"author":1,"featured_media":6381,"comment_status":"open","ping_status":"open","sticky":false,"template":"","format":"standard","meta":{"content-type":"","footnotes":""},"categories":[105],"tags":[],"class_list":{"0":"post-6380","1":"post","2":"type-post","3":"status-publish","4":"format-standard","5":"has-post-thumbnail","7":"category-principal"},"_links":{"self":[{"href":"https:\/\/www.regioncuatronoticias.com\/index.php\/wp-json\/wp\/v2\/posts\/6380","targetHints":{"allow":["GET"]}}],"collection":[{"href":"https:\/\/www.regioncuatronoticias.com\/index.php\/wp-json\/wp\/v2\/posts"}],"about":[{"href":"https:\/\/www.regioncuatronoticias.com\/index.php\/wp-json\/wp\/v2\/types\/post"}],"author":[{"embeddable":true,"href":"https:\/\/www.regioncuatronoticias.com\/index.php\/wp-json\/wp\/v2\/users\/1"}],"replies":[{"embeddable":true,"href":"https:\/\/www.regioncuatronoticias.com\/index.php\/wp-json\/wp\/v2\/comments?post=6380"}],"version-history":[{"count":1,"href":"https:\/\/www.regioncuatronoticias.com\/index.php\/wp-json\/wp\/v2\/posts\/6380\/revisions"}],"predecessor-version":[{"id":6382,"href":"https:\/\/www.regioncuatronoticias.com\/index.php\/wp-json\/wp\/v2\/posts\/6380\/revisions\/6382"}],"wp:featuredmedia":[{"embeddable":true,"href":"https:\/\/www.regioncuatronoticias.com\/index.php\/wp-json\/wp\/v2\/media\/6381"}],"wp:attachment":[{"href":"https:\/\/www.regioncuatronoticias.com\/index.php\/wp-json\/wp\/v2\/media?parent=6380"}],"wp:term":[{"taxonomy":"category","embeddable":true,"href":"https:\/\/www.regioncuatronoticias.com\/index.php\/wp-json\/wp\/v2\/categories?post=6380"},{"taxonomy":"post_tag","embeddable":true,"href":"https:\/\/www.regioncuatronoticias.com\/index.php\/wp-json\/wp\/v2\/tags?post=6380"}],"curies":[{"name":"wp","href":"https:\/\/api.w.org\/{rel}","templated":true}]}}