{"id":6353,"date":"2024-03-04T08:51:58","date_gmt":"2024-03-04T15:51:58","guid":{"rendered":"https:\/\/www.regioncuatronoticias.com\/?p=6353"},"modified":"2024-03-04T08:52:01","modified_gmt":"2024-03-04T15:52:01","slug":"iglesia-catolica-pide-nuevo-plan-de-seguridad-abrazos-no-funcionaron","status":"publish","type":"post","link":"https:\/\/www.regioncuatronoticias.com\/index.php\/2024\/03\/04\/iglesia-catolica-pide-nuevo-plan-de-seguridad-abrazos-no-funcionaron\/","title":{"rendered":"Iglesia cat\u00f3lica pide nuevo plan de seguridad: abrazos no funcionaron"},"content":{"rendered":"\n<p>\u201cDesde hace tiempo, respetuosamente hemos propuesto un cambio de estrategia, viendo los resultados, creemos sinceramente que &#8216;abrazos no balazos&#8217; ha dado un p\u00e9simo desenlace puesto que, la violencia y la inseguridad han llegado a m\u00e1ximos hist\u00f3ricos\u201d, declar\u00f3 el obispo Ram\u00f3n Castro, secretario General de la Conferencia del Episcopado Mexicano (CEM) a El Sol de M\u00e9xico.<\/p>\n\n\n\n<p>El tambi\u00e9n obispo de la Di\u00f3cesis de Cuernavaca se\u00f1al\u00f3 que la Iglesia cat\u00f3lica ha convocado a las y el candidato a la Presidencia de la Rep\u00fablica a firmar el Compromiso Nacional por la Paz el pr\u00f3ximo 11 de marzo, pacto del que se dan detalles hoy.<\/p>\n\n\n\n<p>\u201cLa impunidad sigue reinando de modo realmente doloroso. En general no desaprovechamos cualquier oportunidad para declarar la necesidad de un cambio en esta estrategia fallida\u201d, agreg\u00f3 en respuesta al cuestionamiento sobre su opini\u00f3n respecto a la estrategia de seguridad implementada por el presidente Andr\u00e9s Manuel L\u00f3pez Obrador.<\/p>\n\n\n\n<p>El pr\u00f3ximo 11 de marzo se habr\u00e1 de llevar a cabo un encuentro con los tres candidatos a la Presidencia de la Rep\u00fablica para animarlos y comprometerlos en esta construcci\u00f3n de paz<\/p>\n\n\n\n<p>El l\u00edder cat\u00f3lico tambi\u00e9n hizo referencia a la importancia de la labor de la Iglesia cat\u00f3lica con la puesta en marcha \u2014desde hace dos a\u00f1os\u2014 del Di\u00e1logo Nacional por la Paz, con el que han logrado construir 14 acciones para la paz comprometiendo a los tres \u00f3rdenes de gobierno a actuar en esta materia.<\/p>\n\n\n\n<p>\u201cUna de las 14 acciones para concretar para la paz es presentar y comprometer a las autoridades nacionales, estatales y municipales en esta construcci\u00f3n artesanal de la paz. Raz\u00f3n por la cual el pr\u00f3ximo 11 de marzo se habr\u00e1 de llevar a cabo un encuentro con los tres candidatos a la Presidencia de la Rep\u00fablica para animarlos y comprometerlos en esta construcci\u00f3n de paz, coment\u00f3 Ram\u00f3n Castro.<\/p>\n\n\n\n<p>El 22 de febrero el Episcopado Mexicano comparti\u00f3 un video donde 37 obispos del pa\u00eds informaban sobre una jornada de oraci\u00f3n para que el proceso electoral se lleve en paz y el d\u00eda de la elecci\u00f3n, el 2 de junio.<\/p>\n\n\n\n<p>M\u00e1s all\u00e1 de posiciones pol\u00edticas o credos religiosos, pues la grandeza de M\u00e9xico radica en su diversidad y en la capacidad de sus hijos para tender puentes y encontrar puntos de encuentro<\/p>\n\n\n\n<p>\u201cAl iniciar este tiempo de oraci\u00f3n, esperamos que el Se\u00f1or nos conceda que este proceso electoral se realice en paz y transparencia, y que todo el pueblo mexicano haga conciencia de su compromiso nacional para que salga a votar y elija dirigentes que busquen sinceramente el bien com\u00fan\u201d, indicaron en un comunicado.<\/p>\n\n\n\n<p>Tambi\u00e9n, exhort\u00f3 al di\u00e1logo respetuoso y constructivo entre todos los sectores sociales, \u201cm\u00e1s all\u00e1 de posiciones pol\u00edticas o credos religiosos, pues la grandeza de M\u00e9xico radica en su diversidad y en la capacidad de sus hijos para tender puentes y encontrar puntos de encuentro\u201d.<\/p>\n\n\n\n<p>La Iglesia se\u00f1ala que es tiempo de actuar en la tierra con responsabilidad c\u00edvica. \u201dMotivamos a cada ciudadano a ejercer el voto de forma libre y razonada el pr\u00f3ximo 2 de junio, como expresi\u00f3n de amor a M\u00e9xico\u201d.<\/p>\n\n\n\n<p>Ram\u00f3n Castro dijo que el llamado a votar que realiz\u00f3 la Iglesia, casi al arranque de las campa\u00f1as, fue estrat\u00e9gico ya que es un momento hist\u00f3rico en el que buscan que Dios les acompa\u00f1e y ayude a elegir a la mejor opci\u00f3n para pacificar al pa\u00eds.<\/p>\n\n\n\n<p>Hace dos semanas el obispo de la di\u00f3cesis Chilpancingo-Chilapa, Jos\u00e9 de Jes\u00fas Gonz\u00e1lez Hern\u00e1ndez, revel\u00f3 que los cuatro obispos de Guerrero se reunieron con l\u00edderes de grupos de la delincuencia organizada para buscar una tregua para pacificar el estado; sin embargo, no hubo resultados. Mientras que el l\u00edder jesuita de la sierra tarahumara, Javier \u00c1vila Aguirre, exigi\u00f3 revisar el modelo de seguridad.<\/p>\n","protected":false},"excerpt":{"rendered":"<p>\u201cDesde hace tiempo, respetuosamente hemos propuesto un cambio de estrategia, viendo los resultados, creemos sinceramente que &#8216;abrazos no balazos&#8217; ha dado un p\u00e9simo desenlace puesto que, la violencia y la inseguridad han llegado a m\u00e1ximos hist\u00f3ricos\u201d, declar\u00f3 el obispo Ram\u00f3n Castro, secretario General de la Conferencia del Episcopado Mexicano (CEM) a El Sol de M\u00e9xico. [&hellip;]<\/p>\n","protected":false},"author":1,"featured_media":6354,"comment_status":"open","ping_status":"open","sticky":false,"template":"","format":"standard","meta":{"content-type":"","footnotes":""},"categories":[105],"tags":[],"class_list":{"0":"post-6353","1":"post","2":"type-post","3":"status-publish","4":"format-standard","5":"has-post-thumbnail","7":"category-principal"},"_links":{"self":[{"href":"https:\/\/www.regioncuatronoticias.com\/index.php\/wp-json\/wp\/v2\/posts\/6353","targetHints":{"allow":["GET"]}}],"collection":[{"href":"https:\/\/www.regioncuatronoticias.com\/index.php\/wp-json\/wp\/v2\/posts"}],"about":[{"href":"https:\/\/www.regioncuatronoticias.com\/index.php\/wp-json\/wp\/v2\/types\/post"}],"author":[{"embeddable":true,"href":"https:\/\/www.regioncuatronoticias.com\/index.php\/wp-json\/wp\/v2\/users\/1"}],"replies":[{"embeddable":true,"href":"https:\/\/www.regioncuatronoticias.com\/index.php\/wp-json\/wp\/v2\/comments?post=6353"}],"version-history":[{"count":1,"href":"https:\/\/www.regioncuatronoticias.com\/index.php\/wp-json\/wp\/v2\/posts\/6353\/revisions"}],"predecessor-version":[{"id":6355,"href":"https:\/\/www.regioncuatronoticias.com\/index.php\/wp-json\/wp\/v2\/posts\/6353\/revisions\/6355"}],"wp:featuredmedia":[{"embeddable":true,"href":"https:\/\/www.regioncuatronoticias.com\/index.php\/wp-json\/wp\/v2\/media\/6354"}],"wp:attachment":[{"href":"https:\/\/www.regioncuatronoticias.com\/index.php\/wp-json\/wp\/v2\/media?parent=6353"}],"wp:term":[{"taxonomy":"category","embeddable":true,"href":"https:\/\/www.regioncuatronoticias.com\/index.php\/wp-json\/wp\/v2\/categories?post=6353"},{"taxonomy":"post_tag","embeddable":true,"href":"https:\/\/www.regioncuatronoticias.com\/index.php\/wp-json\/wp\/v2\/tags?post=6353"}],"curies":[{"name":"wp","href":"https:\/\/api.w.org\/{rel}","templated":true}]}}