{"id":6325,"date":"2024-03-04T08:41:39","date_gmt":"2024-03-04T15:41:39","guid":{"rendered":"https:\/\/www.regioncuatronoticias.com\/?p=6325"},"modified":"2024-03-04T08:41:43","modified_gmt":"2024-03-04T15:41:43","slug":"reivindica-amlo-importancia-de-la-libertad-de-expresion","status":"publish","type":"post","link":"https:\/\/www.regioncuatronoticias.com\/index.php\/2024\/03\/04\/reivindica-amlo-importancia-de-la-libertad-de-expresion\/","title":{"rendered":"Reivindica AMLO importancia de la libertad de expresi\u00f3n"},"content":{"rendered":"\n<p>El presidente Andr\u00e9s Manuel L\u00f3pez Obrador reivindic\u00f3 la importancia de la libertad de expresi\u00f3n en M\u00e9xico, aunque haya diferencias, cr\u00edticas y hasta insultos. Incluso mencion\u00f3 que se expres\u00f3 ayer &#8220;Ricardo Salinas Pliego, con holgura, sin ninguna limitaci\u00f3n y no pasa nada. Eso antes no se ve\u00eda. Aqu\u00ed no pasa nada. Es sagrada la libertad, en general la libertad de expresi\u00f3n. No coincidimos, pero lo respetamos. No censuramos a nadie&#8221;.&nbsp;<\/p>\n\n\n\n<p>En su conferencia dijo que &#8220;debemos sentirnos muy orgullosos de ello. No hay un r\u00e9gimen autoritario, mucho menos dictatorial. En una dictadura no se puede protestar&#8221;. Incluso se pronunci\u00f3 en torno a la salida de Carlos Alazraki de medios de comunicaci\u00f3n, difundiendo incluso en el sal\u00f3n Tesorer\u00eda, la descripci\u00f3n que hizo Alarzraki de c\u00f3mo se enter\u00f3 de su salida de ese medio.<\/p>\n\n\n\n<p>El tema de la libertad de expresi\u00f3n surgi\u00f3 a partir de un cuestionamiento sobre una postura de la empresa American Airlines quien anticip\u00f3 que podr\u00eda abandonar sus operaciones de carga del Aeropuerto Internacional Felipe \u00c1ngeles. &#8220;Hay declaraciones pero no hay nada formal, no hay denuncia ni queja. Tienen derecho a manifestarse. Vivimos en un pa\u00eds libre&#8221;.<\/p>\n","protected":false},"excerpt":{"rendered":"<p>El presidente Andr\u00e9s Manuel L\u00f3pez Obrador reivindic\u00f3 la importancia de la libertad de expresi\u00f3n en M\u00e9xico, aunque haya diferencias, cr\u00edticas y hasta insultos. Incluso mencion\u00f3 que se expres\u00f3 ayer &#8220;Ricardo Salinas Pliego, con holgura, sin ninguna limitaci\u00f3n y no pasa nada. Eso antes no se ve\u00eda. Aqu\u00ed no pasa nada. Es sagrada la libertad, en [&hellip;]<\/p>\n","protected":false},"author":1,"featured_media":6326,"comment_status":"open","ping_status":"open","sticky":false,"template":"","format":"standard","meta":{"content-type":"","footnotes":""},"categories":[3],"tags":[],"class_list":{"0":"post-6325","1":"post","2":"type-post","3":"status-publish","4":"format-standard","5":"has-post-thumbnail","7":"category-mexico"},"_links":{"self":[{"href":"https:\/\/www.regioncuatronoticias.com\/index.php\/wp-json\/wp\/v2\/posts\/6325","targetHints":{"allow":["GET"]}}],"collection":[{"href":"https:\/\/www.regioncuatronoticias.com\/index.php\/wp-json\/wp\/v2\/posts"}],"about":[{"href":"https:\/\/www.regioncuatronoticias.com\/index.php\/wp-json\/wp\/v2\/types\/post"}],"author":[{"embeddable":true,"href":"https:\/\/www.regioncuatronoticias.com\/index.php\/wp-json\/wp\/v2\/users\/1"}],"replies":[{"embeddable":true,"href":"https:\/\/www.regioncuatronoticias.com\/index.php\/wp-json\/wp\/v2\/comments?post=6325"}],"version-history":[{"count":1,"href":"https:\/\/www.regioncuatronoticias.com\/index.php\/wp-json\/wp\/v2\/posts\/6325\/revisions"}],"predecessor-version":[{"id":6327,"href":"https:\/\/www.regioncuatronoticias.com\/index.php\/wp-json\/wp\/v2\/posts\/6325\/revisions\/6327"}],"wp:featuredmedia":[{"embeddable":true,"href":"https:\/\/www.regioncuatronoticias.com\/index.php\/wp-json\/wp\/v2\/media\/6326"}],"wp:attachment":[{"href":"https:\/\/www.regioncuatronoticias.com\/index.php\/wp-json\/wp\/v2\/media?parent=6325"}],"wp:term":[{"taxonomy":"category","embeddable":true,"href":"https:\/\/www.regioncuatronoticias.com\/index.php\/wp-json\/wp\/v2\/categories?post=6325"},{"taxonomy":"post_tag","embeddable":true,"href":"https:\/\/www.regioncuatronoticias.com\/index.php\/wp-json\/wp\/v2\/tags?post=6325"}],"curies":[{"name":"wp","href":"https:\/\/api.w.org\/{rel}","templated":true}]}}