{"id":6322,"date":"2024-03-04T08:40:49","date_gmt":"2024-03-04T15:40:49","guid":{"rendered":"https:\/\/www.regioncuatronoticias.com\/?p=6322"},"modified":"2024-03-04T08:40:51","modified_gmt":"2024-03-04T15:40:51","slug":"este-mes-podria-concretarse-compra-de-seis-hospitales-concesionados-amlo","status":"publish","type":"post","link":"https:\/\/www.regioncuatronoticias.com\/index.php\/2024\/03\/04\/este-mes-podria-concretarse-compra-de-seis-hospitales-concesionados-amlo\/","title":{"rendered":"Este mes podr\u00eda concretarse compra de seis hospitales concesionados: AMLO"},"content":{"rendered":"\n<p>El presidente Andr\u00e9s Manuel L\u00f3pez Obrador confi\u00f3 en que este mes quede resuelta la compra por parte de su administraci\u00f3n de seis hospitales que en pasadas administraciones se concesionaron a privados bajo el esquema de asociaci\u00f3n p\u00fablico-privada, lo que cuesta al erario una cifra millonaria.<\/p>\n\n\n\n<p>En la ma\u00f1anera de este lunes en Palacio Nacional, el mandatario federal fue interrogado sobre el proceso de compra de los nueve nosocomios en esa situaci\u00f3n, a lo que brevemente record\u00f3 que en tres casos ya se lleg\u00f3 a un acuerdo \u2014como lo hab\u00eda adelantado ya hace varios meses\u2014 y que seis est\u00e1n pendientes.<\/p>\n\n\n\n<p>\u201cYa se resolvi\u00f3 en tres casos, faltan seis, pero se est\u00e1 llegando a un acuerdo. Ya aceptaron, creo que tambi\u00e9n las otra dos empresas. \u00bfQu\u00e9 se est\u00e1 haciendo? Se est\u00e1n comprando los nueve hospitales, porque se van a pagar alrededor de 6 mil millones, sino, ser\u00eda pagar 141 mil millones hacia adelante, y es mucho. Son contratos que se hicieron en el gobierno anterior, muy leoninos\u201d.<\/p>\n\n\n\n<p>De acuerdo con informaci\u00f3n que se ha presentado en varias ma\u00f1aneras previas, estos nueve hospitales, con contratos superiores a 20 a\u00f1os de duraci\u00f3n, dos est\u00e1n concesionados a la empresa GIA-Grupo de Ingenieros y Arquitectos Asociados, que dirige Hip\u00f3lito Gerard Rivero, cu\u00f1ado del ex presidente Carlos Salinas de Gortari; tres a Prodemex, dirigida por Olegario V\u00e1zquez Aldir.<\/p>\n\n\n\n<p>Adem\u00e1s, uno para Invex Controladora, presidida por Juan Bautista Guichard; otro a Sacyr-Valoriza, de la que Manuel Manrique es director general; uno m\u00e1s para \u00d3scar Julio Quiroz Moreno, y otro a Concesionaria Acciona.<\/p>\n\n\n\n<p>La \u00fanica empresa que ya acept\u00f3 y lleg\u00f3 a un acuerdo para vender los hospitales \u2014luego que se hizo un aval\u00fao\u2014 fue Prodemex, de V\u00e1zquez Aldir.<\/p>\n\n\n\n<p>\u201cSe est\u00e1 recuperando todo lo p\u00fablico, porque hab\u00edan privatizado todo, el agua, la basura, las c\u00e1rceles los hospitales, la carreteras, todo. Desde luego no vamos a alcanzar a recuperar todo, pero s\u00ed se est\u00e1 avanzando. Ya otros van a decidir si contin\u00faan recuperando los vienes p\u00fablicos o no, pero nosotros consideramos que s\u00ed hay cosas que deben de cambiar (\u2026) En el caso de los hospitales va a quedar bien, yo espero que en este mes de marzo quede resuelto\u201d.<\/p>\n\n\n\n<p>Por otro lado, el jefe del Ejecutivo record\u00f3 que desde el pasado fin de semana y hasta el 17 de marzo realizar\u00e1 una gira por 23 entidades par verificar los avances en el programa para federalizar los servicios de salud.<\/p>\n","protected":false},"excerpt":{"rendered":"<p>El presidente Andr\u00e9s Manuel L\u00f3pez Obrador confi\u00f3 en que este mes quede resuelta la compra por parte de su administraci\u00f3n de seis hospitales que en pasadas administraciones se concesionaron a privados bajo el esquema de asociaci\u00f3n p\u00fablico-privada, lo que cuesta al erario una cifra millonaria. En la ma\u00f1anera de este lunes en Palacio Nacional, el [&hellip;]<\/p>\n","protected":false},"author":1,"featured_media":6323,"comment_status":"open","ping_status":"open","sticky":false,"template":"","format":"standard","meta":{"content-type":"","footnotes":""},"categories":[3],"tags":[],"class_list":{"0":"post-6322","1":"post","2":"type-post","3":"status-publish","4":"format-standard","5":"has-post-thumbnail","7":"category-mexico"},"_links":{"self":[{"href":"https:\/\/www.regioncuatronoticias.com\/index.php\/wp-json\/wp\/v2\/posts\/6322","targetHints":{"allow":["GET"]}}],"collection":[{"href":"https:\/\/www.regioncuatronoticias.com\/index.php\/wp-json\/wp\/v2\/posts"}],"about":[{"href":"https:\/\/www.regioncuatronoticias.com\/index.php\/wp-json\/wp\/v2\/types\/post"}],"author":[{"embeddable":true,"href":"https:\/\/www.regioncuatronoticias.com\/index.php\/wp-json\/wp\/v2\/users\/1"}],"replies":[{"embeddable":true,"href":"https:\/\/www.regioncuatronoticias.com\/index.php\/wp-json\/wp\/v2\/comments?post=6322"}],"version-history":[{"count":1,"href":"https:\/\/www.regioncuatronoticias.com\/index.php\/wp-json\/wp\/v2\/posts\/6322\/revisions"}],"predecessor-version":[{"id":6324,"href":"https:\/\/www.regioncuatronoticias.com\/index.php\/wp-json\/wp\/v2\/posts\/6322\/revisions\/6324"}],"wp:featuredmedia":[{"embeddable":true,"href":"https:\/\/www.regioncuatronoticias.com\/index.php\/wp-json\/wp\/v2\/media\/6323"}],"wp:attachment":[{"href":"https:\/\/www.regioncuatronoticias.com\/index.php\/wp-json\/wp\/v2\/media?parent=6322"}],"wp:term":[{"taxonomy":"category","embeddable":true,"href":"https:\/\/www.regioncuatronoticias.com\/index.php\/wp-json\/wp\/v2\/categories?post=6322"},{"taxonomy":"post_tag","embeddable":true,"href":"https:\/\/www.regioncuatronoticias.com\/index.php\/wp-json\/wp\/v2\/tags?post=6322"}],"curies":[{"name":"wp","href":"https:\/\/api.w.org\/{rel}","templated":true}]}}