{"id":6261,"date":"2024-03-02T17:30:09","date_gmt":"2024-03-03T00:30:09","guid":{"rendered":"https:\/\/www.regioncuatronoticias.com\/?p=6261"},"modified":"2024-03-02T17:30:10","modified_gmt":"2024-03-03T00:30:10","slug":"ofrece-xochitl-galvez-regresar-el-seguro-popular-y-estancias-infantiles","status":"publish","type":"post","link":"https:\/\/www.regioncuatronoticias.com\/index.php\/2024\/03\/02\/ofrece-xochitl-galvez-regresar-el-seguro-popular-y-estancias-infantiles\/","title":{"rendered":"Ofrece X\u00f3chitl G\u00e1lvez regresar el Seguro Popular y estancias infantiles"},"content":{"rendered":"\n<p>Zapopan, Jal. La candidata presidencial de Fuerza y Coraz\u00f3n por M\u00e9xico (PAN, PRI y PRD), X\u00f3chitl G\u00e1lvez, ampli\u00f3 sus propuestas que en su primer d\u00eda de campa\u00f1a se concentraron casi en su totalidad en materia de seguridad. Este s\u00e1bado ofreci\u00f3 regresar el Seguro Popular, creado durante el gobierno del ex presidente Vicente Fox y que desapareci\u00f3 en la actual administraci\u00f3n federal al advertirse que no funcion\u00f3 y deriv\u00f3 en contratos con corrupci\u00f3n.<\/p>\n\n\n\n<p>Tambi\u00e9n plante\u00f3 regresar las estancias infantiles y las escuelas de tiempo completo, modelos que fueron establecidos en los gobiernos anteriores. De ganar los comicios, garantiz\u00f3 que habr\u00e1 \u201cun gobierno humanista, este gobierno no va a tirar el dinero a lo g\u00fcey. Y lo vuelvo a repetir en mi gobierno no habr\u00e1 ni rateros, ni talegones ni pendejos, se los vuelvo a decir\u201d.<\/p>\n\n\n\n<p>G\u00e1lvez enumer\u00f3, sin entrar en detalles, diversas propuestas, luego que en su arranque de campa\u00f1a la candidata de la coalici\u00f3n Sigamos Haciendo Historia (Morena, PT y PVEM), Claudia Sheinbaum, lanz\u00f3 un centenar de compromisos en los que incluy\u00f3 diversas propuestas. A la vez, llam\u00f3 al Instituto Nacional Electoral (INE) a auditar el acto de arranque de campa\u00f1a de Sheinbaum Pardo en el Z\u00f3calo de la Ciudad de M\u00e9xico.<\/p>\n\n\n\n<p>Asever\u00f3 que en el acto de la morenista hubo \u201ccientos de camiones, desde Baja California hasta Yucat\u00e1n. Cientos de personas en Fresnillo les pusieron camiones del municipio para ir a la Ciudad de M\u00e9xico, obviamente porque la candidata no puede ir a Fresnillo, obviamente prefieren que los de Fresnillo vayan a la Ciudad de M\u00e9xico porque no tienen cara para ir a Fresnillo ante la violencia que viven estas personas all\u00e1\u201d.<\/p>\n\n\n\n<p>Y al hacer referencia al desliz que tuvo la abanderada de Morena en su mensaje, la candidata de la oposici\u00f3n apunt\u00f3: \u201cEste 2 de junio M\u00e9xico va a elegir entre dos caminos, ya lo dijo la propia candidata de Morena, el camino de la corrupci\u00f3n o un M\u00e9xico sin miedo \u00bfQu\u00e9 quieren?\u201d.<\/p>\n\n\n\n<p>La hidalguense encabez\u00f3 un acto con militantes en el Palenque de las fiestas de octubre, localizado en Zapopan, en la periferia de la capital tapat\u00eda. Pese a ser un espacio con un aforo para unas 6 mil personas, luci\u00f3 con la parte superior vac\u00eda. Alrededor de una cuarta parte de los asientos quedaron sin ser ocupados.<\/p>\n\n\n\n<p>Lleg\u00f3 al lugar acompa\u00f1ada del candidato al Senado, Francisco Ram\u00edrez Acu\u00f1a, y quien es ex gobernador de Jalisco impulsado por el PAN, adem\u00e1s de ex secretario de Gobernaci\u00f3n en el gobierno de Felipe Calder\u00f3n. Tambi\u00e9n estuvo la pri\u00edsta Laura Haro, candidata a la gubernatura, y el dirigente nacional del tricolor, Alejandro Moreno, luego que no estuvo presente en el inicio de la campa\u00f1a presidencial. Fue Moreno C\u00e1rdenas el que se llev\u00f3 la menor cantidad de aplausos durante los mensajes.<\/p>\n\n\n\n<p>Haro destin\u00f3 su mensaje para lanzar cr\u00edticas a Morena y al gobierno del estado, de Movimiento Ciudadano. Dijo que hay gobiernos que demostraron \u201cque son muy buenos para hacer show, para vestirse de fosforilocos, pero que hoy representan lo mismo que Morena. Hoy lo decimos, Movimiento Ciudadano es lo mismo que Morena, son sus esquiroles, esos de Fosforena que decidieron no ir en \u00e9ste gran frente\u201d.<\/p>\n\n\n\n<p>Enseguida, G\u00e1lvez comenz\u00f3 su mensaje con sus cr\u00edticas a la candidata de Morena y sus aliados, y defendi\u00f3 la propuesta que hizo el viernes para crear una gran c\u00e1rcel con tecnolog\u00eda de punta.<\/p>\n\n\n\n<p>\u201cS\u00e9 que algunas personas les ha llamado la atenci\u00f3n esta propuesta de hacer una c\u00e1rcel de alta seguridad, es que aqu\u00ed se nos fug\u00f3 El Chapo, yo no quiero esas c\u00e1rceles donde los delincuentes viven con privilegios. Los delincuentes ya no le tienen miedo a delinquir porque saben que no les pasa nada. Y yo lo que quiero es que los delincuentes son los que tengan miedo y no los ciudadanos\u201d, agreg\u00f3.<\/p>\n\n\n\n<p>Y al reiterar algunas de las propuestas que hizo en materia de seguridad, insisti\u00f3 que no desaparecer\u00e1 los programas sociales. En lugar de ello, \u201cva a regresar el Seguro Popular, van a regresar las estancias infantiles, las escuelas de tiempo completo, los apoyos a la ciencia, las becas, vamos a construir m\u00e1s universidades. A las personas con discapacidad las vamos a apoyar porque el problema no son las personas con discapacidad, el problema son las barreras que tienen ellos para salir adelante\u201d.<\/p>\n\n\n\n<p>Junto con las pensiones para adultos mayores, que plante\u00f3 otorgar a partir de los 60 a\u00f1os, ofreci\u00f3 dar acceso a pr\u00f3tesis dentales, aparatos auditivos, operaci\u00f3n de cataratas, as\u00ed como crear el Sistema Nacional de Cuidados y apoyo a problemas contra enfermedades mentales, sin abundar en la forma en que har\u00eda dichos proyectos.<\/p>\n\n\n\n<p>En su despedida de escenario del Palenque, G\u00e1lvez no desaprovech\u00f3 la m\u00fasica de su campa\u00f1a para bailar junto con la perredista y candidata al senado, Natalia Ju\u00e1rez Miranda, mientras que el l\u00edder nacional del PRI prefiri\u00f3 tomar su celular y tomarse selfies para difundir su participaci\u00f3n en el acto.<\/p>\n\n\n\n<p>Como invitados acudieron adem\u00e1s los ex gobernadores Alberto C\u00e1rdenas y Emilio Gonz\u00e1lez M\u00e1rquez. Por la tarde, la candidata presidencial encabezar\u00e1 un acto m\u00e1s en la Ciudad de M\u00e9xico.<\/p>\n","protected":false},"excerpt":{"rendered":"<p>Zapopan, Jal. La candidata presidencial de Fuerza y Coraz\u00f3n por M\u00e9xico (PAN, PRI y PRD), X\u00f3chitl G\u00e1lvez, ampli\u00f3 sus propuestas que en su primer d\u00eda de campa\u00f1a se concentraron casi en su totalidad en materia de seguridad. Este s\u00e1bado ofreci\u00f3 regresar el Seguro Popular, creado durante el gobierno del ex presidente Vicente Fox y que [&hellip;]<\/p>\n","protected":false},"author":1,"featured_media":6262,"comment_status":"open","ping_status":"open","sticky":false,"template":"","format":"standard","meta":{"content-type":"","footnotes":""},"categories":[123],"tags":[],"class_list":{"0":"post-6261","1":"post","2":"type-post","3":"status-publish","4":"format-standard","5":"has-post-thumbnail","7":"category-elecciones2024"},"_links":{"self":[{"href":"https:\/\/www.regioncuatronoticias.com\/index.php\/wp-json\/wp\/v2\/posts\/6261","targetHints":{"allow":["GET"]}}],"collection":[{"href":"https:\/\/www.regioncuatronoticias.com\/index.php\/wp-json\/wp\/v2\/posts"}],"about":[{"href":"https:\/\/www.regioncuatronoticias.com\/index.php\/wp-json\/wp\/v2\/types\/post"}],"author":[{"embeddable":true,"href":"https:\/\/www.regioncuatronoticias.com\/index.php\/wp-json\/wp\/v2\/users\/1"}],"replies":[{"embeddable":true,"href":"https:\/\/www.regioncuatronoticias.com\/index.php\/wp-json\/wp\/v2\/comments?post=6261"}],"version-history":[{"count":1,"href":"https:\/\/www.regioncuatronoticias.com\/index.php\/wp-json\/wp\/v2\/posts\/6261\/revisions"}],"predecessor-version":[{"id":6263,"href":"https:\/\/www.regioncuatronoticias.com\/index.php\/wp-json\/wp\/v2\/posts\/6261\/revisions\/6263"}],"wp:featuredmedia":[{"embeddable":true,"href":"https:\/\/www.regioncuatronoticias.com\/index.php\/wp-json\/wp\/v2\/media\/6262"}],"wp:attachment":[{"href":"https:\/\/www.regioncuatronoticias.com\/index.php\/wp-json\/wp\/v2\/media?parent=6261"}],"wp:term":[{"taxonomy":"category","embeddable":true,"href":"https:\/\/www.regioncuatronoticias.com\/index.php\/wp-json\/wp\/v2\/categories?post=6261"},{"taxonomy":"post_tag","embeddable":true,"href":"https:\/\/www.regioncuatronoticias.com\/index.php\/wp-json\/wp\/v2\/tags?post=6261"}],"curies":[{"name":"wp","href":"https:\/\/api.w.org\/{rel}","templated":true}]}}