{"id":6240,"date":"2024-03-01T17:18:48","date_gmt":"2024-03-02T00:18:48","guid":{"rendered":"https:\/\/www.regioncuatronoticias.com\/?p=6240"},"modified":"2024-03-02T15:24:17","modified_gmt":"2024-03-02T22:24:17","slug":"buscan-manlio-fabio-beltrones-y-lilly-tellez-que-el-sistema-de-salud-del-pais-vuelva-a-ser-patrimonio-de-las-y-los-mexicanos","status":"publish","type":"post","link":"https:\/\/www.regioncuatronoticias.com\/index.php\/2024\/03\/01\/buscan-manlio-fabio-beltrones-y-lilly-tellez-que-el-sistema-de-salud-del-pais-vuelva-a-ser-patrimonio-de-las-y-los-mexicanos\/","title":{"rendered":"Buscan Manlio Fabio Beltrones y Lilly T\u00e9llez, que el sistema de salud del pa\u00eds vuelva a ser patrimonio de las y los mexicanos"},"content":{"rendered":"\n<p>El sector salud en M\u00e9xico debe pasar del desastre a la calidad en beneficio de las familias mexicanas, coincidieron los candidatos de la Alianza Fuerza y Coraz\u00f3n por M\u00e9xico en el arranque de su campa\u00f1a al Senado de la Rep\u00fablica.<\/p>\n\n\n\n<ul class=\"wp-block-list\">\n<li>Manlio Fabio Beltrones y Lilly T\u00e9llez abordaron de frente a los ciudadanos varios temas que afectan al pa\u00eds, priorizando el tema de salud y la gravedad de la reducci\u00f3n de cuatro a\u00f1os en la expectativa de vida.<\/li>\n<\/ul>\n\n\n\n<p>HERMOSILLO.- En un encuentro ciudadano con integrantes de la comunidad m\u00e9dica de Sonora, enfermeras y enfermeros, pacientes y sobrevivientes de c\u00e1ncer, as\u00ed como integrantes de la sociedad civil, la f\u00f3rmula integrada por Manlio Fabio Beltrones y Lilly T\u00e9llez arranc\u00f3 la campa\u00f1a al Senado por la coalici\u00f3n Fuerza y Coraz\u00f3n por M\u00e9xico, destacando la urgencia de hacer cambios profundos en el sistema de salud actual.<br>En el \u00e1rea frontal del Centro Estatal de Oncolog\u00eda, Beltrones Rivera expuso la situaci\u00f3n que vive actualmente el pa\u00eds en materia de salud y la motivaci\u00f3n para buscar llegar al Congreso de la Uni\u00f3n.<br>El candidato al Senado destac\u00f3 que la ca\u00edda del sistema de salud en M\u00e9xico es un descuido que se tiene que resolver, para lo cual dijo que el Congreso ser\u00e1 clave porque ah\u00ed es donde se fijan las reglas para que las cosas buenas pasen y donde se crean las pol\u00edticas p\u00fablicas.<br>Coment\u00f3 que es impresionante como las pol\u00edticas p\u00fablicas de salud se sustituyeron en los \u00faltimos a\u00f1os por ocurrencias, entre ellas la desaparici\u00f3n del Seguro Popular, que de alguna manera cumpl\u00eda su funci\u00f3n y era perfectible, para dar paso al Insabi que al demostrar su ineficiencia dio paso a la creaci\u00f3n del IMSS Bienestar, lo que ha dejado en estos a\u00f1os a m\u00e1s de 50 millones de mexicanos sin servicios de salud.<br>\u201cDebido a la indolencia de las autoridades, por primera vez despu\u00e9s de la Revoluci\u00f3n cayeron las expectativas de vida, nos robaron cuatro a\u00f1os, todos aquellos que nacieron despu\u00e9s de 2021 tienen una expectativa de cuatro a\u00f1os menos de vida\u201d, mencion\u00f3.<br>En su intervenci\u00f3n, Lilly T\u00e9llez denunci\u00f3 que la actual administraci\u00f3n federal busca el continuismo de un gobierno de violencia y de destrucci\u00f3n del sistema de salud con la complacencia de los legisladores de Morena como ha sido la eliminaci\u00f3n de la prueba de tamizaje a los ni\u00f1os, adem\u00e1s de otras decisiones en detrimento de la salud de los mexicanos.<br>Entre esas decisiones, la candidata al Senado mencion\u00f3 la falta de vacunas, nulas propuestas, indiferencia ante iniciativas y exhortos, adem\u00e1s de la deficiente atenci\u00f3n m\u00e9dica, que han ido deteriorando el sistema de salud en M\u00e9xico.<br>\u201cTodo eso lo debemos tener presente al iniciar esta campa\u00f1a contra las mentiras y el abuso del gobierno, que nos ha quitado todo\u201d, acus\u00f3.<br>Durante el evento, el doctor Baldemar Corral, primer director del Hospital Oncol\u00f3gico de Sonora -creado hace 30 a\u00f1os- record\u00f3 que hasta la fecha es la primera y la \u00fanica instituci\u00f3n de su tipo en el estado, cuando la entidad es segundo lugar nacional en muertes por c\u00e1ncer.<br>Beltrones Rivera confirm\u00f3 que desde una instancia de ayuda social han realizado 400 mil diagn\u00f3sticos de c\u00e1ncer cervicouterino y de mama en Sonora, con lo cual han salvado vidas.<br>Lament\u00f3 que ante la ineficiencia del sistema de salud p\u00fablica los mexicanos tengan que pagar de su bolsillo si quieren atenderse del c\u00e1ncer.<br>Sobre el motivo que lo llev\u00f3 a buscar llegar al Senado, Beltrones Rivera dijo que lo hac\u00eda ante la pobre calidad de la representaci\u00f3n de Sonora en el Congreso, donde vio a una diputada festejando que aprobaron el presupuesto del presidente sin cambiar ninguna coma, cuando esa no es su funci\u00f3n.<br>M\u00e9xico necesita una presidenta que entienda lo que est\u00e1 pasando y X\u00f3chitl G\u00e1lvez le entiende, pero tambi\u00e9n un Congreso que le entienda y est\u00e9 dispuesto a cambiar puntos y comas cuando las iniciativas presidenciales le quiten casi mil millones de pesos al estado de Sonora .<br>\u201cVa que va, se trata de representar de mejor manera a Sonora en el Congreso, que se le respete, de esto se trata esta campa\u00f1a\u201d, a\u00f1adi\u00f3 el candidato al Senado por Fuerza y Coraz\u00f3n por M\u00e9xico.<\/p>\n","protected":false},"excerpt":{"rendered":"<p>El sector salud en M\u00e9xico debe pasar del desastre a la calidad en beneficio de las familias mexicanas, coincidieron los candidatos de la Alianza Fuerza y Coraz\u00f3n por M\u00e9xico en el arranque de su campa\u00f1a al Senado de la Rep\u00fablica. HERMOSILLO.- En un encuentro ciudadano con integrantes de la comunidad m\u00e9dica de Sonora, enfermeras y [&hellip;]<\/p>\n","protected":false},"author":1,"featured_media":6241,"comment_status":"open","ping_status":"open","sticky":false,"template":"","format":"standard","meta":{"content-type":"","footnotes":""},"categories":[123,105],"tags":[],"class_list":{"0":"post-6240","1":"post","2":"type-post","3":"status-publish","4":"format-standard","5":"has-post-thumbnail","7":"category-elecciones2024","8":"category-principal"},"_links":{"self":[{"href":"https:\/\/www.regioncuatronoticias.com\/index.php\/wp-json\/wp\/v2\/posts\/6240","targetHints":{"allow":["GET"]}}],"collection":[{"href":"https:\/\/www.regioncuatronoticias.com\/index.php\/wp-json\/wp\/v2\/posts"}],"about":[{"href":"https:\/\/www.regioncuatronoticias.com\/index.php\/wp-json\/wp\/v2\/types\/post"}],"author":[{"embeddable":true,"href":"https:\/\/www.regioncuatronoticias.com\/index.php\/wp-json\/wp\/v2\/users\/1"}],"replies":[{"embeddable":true,"href":"https:\/\/www.regioncuatronoticias.com\/index.php\/wp-json\/wp\/v2\/comments?post=6240"}],"version-history":[{"count":1,"href":"https:\/\/www.regioncuatronoticias.com\/index.php\/wp-json\/wp\/v2\/posts\/6240\/revisions"}],"predecessor-version":[{"id":6242,"href":"https:\/\/www.regioncuatronoticias.com\/index.php\/wp-json\/wp\/v2\/posts\/6240\/revisions\/6242"}],"wp:featuredmedia":[{"embeddable":true,"href":"https:\/\/www.regioncuatronoticias.com\/index.php\/wp-json\/wp\/v2\/media\/6241"}],"wp:attachment":[{"href":"https:\/\/www.regioncuatronoticias.com\/index.php\/wp-json\/wp\/v2\/media?parent=6240"}],"wp:term":[{"taxonomy":"category","embeddable":true,"href":"https:\/\/www.regioncuatronoticias.com\/index.php\/wp-json\/wp\/v2\/categories?post=6240"},{"taxonomy":"post_tag","embeddable":true,"href":"https:\/\/www.regioncuatronoticias.com\/index.php\/wp-json\/wp\/v2\/tags?post=6240"}],"curies":[{"name":"wp","href":"https:\/\/api.w.org\/{rel}","templated":true}]}}