{"id":6233,"date":"2024-03-01T09:11:15","date_gmt":"2024-03-01T16:11:15","guid":{"rendered":"https:\/\/www.regioncuatronoticias.com\/?p=6233"},"modified":"2024-03-01T09:11:20","modified_gmt":"2024-03-01T16:11:20","slug":"amlo-realizara-una-gira-por-23-estados-en-veda-electoral-para-supervisar-sistema-de-salud-publica","status":"publish","type":"post","link":"https:\/\/www.regioncuatronoticias.com\/index.php\/2024\/03\/01\/amlo-realizara-una-gira-por-23-estados-en-veda-electoral-para-supervisar-sistema-de-salud-publica\/","title":{"rendered":"AMLO realizar\u00e1 una gira por 23 estados en veda electoral para supervisar sistema de salud p\u00fablica"},"content":{"rendered":"\n<p>Ciudad de M\u00e9xico (GH).- El presidente Andr\u00e9s Manuel L\u00f3pez Obrador anunci\u00f3 que realizar\u00e1 una gira por 23 estados del Pa\u00eds para revisar el tema de salud p\u00fablica durante la veda electoral.<\/p>\n\n\n\n<p>Su objetivo, precis\u00f3, es llegar a una reuni\u00f3n que sostendr\u00e1 el 21 de marzo con su equipo de salud para evaluar el avance del sistema de salud que pretende sea mejor que el de Dinamarca al concluir su mandato.<\/p>\n\n\n\n<p>Tenemos una reuni\u00f3n el 21 de marzo en Oaxaca, desde luego voy al homenaje al presidente Ju\u00e1rez en la ma\u00f1ana y en la tarde nos vamos a reunir en la ciudad de Oaxaca para hacer una evaluaci\u00f3n del sistema de salud p\u00fablica, pero en estos d\u00edas sin reunirme con ciudadanos y adem\u00e1s les pido que no me busquen, para que no vayan a pensar que estoy haciendo algo indebido, pero tengo que seguir trabajando, precisamente en consolidar el sistema de salud p\u00fablica\u201d, detall\u00f3.<\/p>\n\n\n\n<p>El mandatario agreg\u00f3 que la fecha l\u00edmite para consolidar el sistema de salud es \u201cantes de que yo termine\u201d.<\/p>\n\n\n\n<p>Voy a hacer una gira por al menos 23 estados en estos d\u00edas para ver el tema de salud\u201d, adelant\u00f3.<\/p>\n\n\n\n<p>La gira arrancar\u00e1 este fin de semana con una visita a los estados de Tlaxcala y Veracruz, entre otros.<\/p>\n\n\n\n<p>\u00bfResidencia m\u00e9dica sin ENARM? Salud advierte de fraude por venta de plazas<\/p>\n\n\n\n<p>No es ninguna reuni\u00f3n ni con m\u00e9dicos, enfermeras, trabajadores de la salud, nada m\u00e1s es supervisar, hablar con los gobernadores, los responsables del sector salud para evaluar y ver c\u00f3mo vamos en la rehabilitaci\u00f3n, construcci\u00f3n, centros de salud, hospitales, equipamiento, c\u00f3mo vamos con m\u00e9dicos generales, especialistas, abasto de medicamentos\u201d, indic\u00f3.<\/p>\n\n\n\n<p>El compromiso, agreg\u00f3, es que antes de concluir su mandato se cuente en M\u00e9xico con el \u201csistema de salud m\u00e1s importante del mundo\u201d.<\/p>\n\n\n\n<p>Voy a ver si puedo llegar al 21 de marzo con el recorrido de los 23 estados\u201d, precis\u00f3.<\/p>\n","protected":false},"excerpt":{"rendered":"<p>Ciudad de M\u00e9xico (GH).- El presidente Andr\u00e9s Manuel L\u00f3pez Obrador anunci\u00f3 que realizar\u00e1 una gira por 23 estados del Pa\u00eds para revisar el tema de salud p\u00fablica durante la veda electoral. Su objetivo, precis\u00f3, es llegar a una reuni\u00f3n que sostendr\u00e1 el 21 de marzo con su equipo de salud para evaluar el avance del [&hellip;]<\/p>\n","protected":false},"author":1,"featured_media":6234,"comment_status":"open","ping_status":"open","sticky":false,"template":"","format":"standard","meta":{"content-type":"","footnotes":""},"categories":[105],"tags":[],"class_list":{"0":"post-6233","1":"post","2":"type-post","3":"status-publish","4":"format-standard","5":"has-post-thumbnail","7":"category-principal"},"_links":{"self":[{"href":"https:\/\/www.regioncuatronoticias.com\/index.php\/wp-json\/wp\/v2\/posts\/6233","targetHints":{"allow":["GET"]}}],"collection":[{"href":"https:\/\/www.regioncuatronoticias.com\/index.php\/wp-json\/wp\/v2\/posts"}],"about":[{"href":"https:\/\/www.regioncuatronoticias.com\/index.php\/wp-json\/wp\/v2\/types\/post"}],"author":[{"embeddable":true,"href":"https:\/\/www.regioncuatronoticias.com\/index.php\/wp-json\/wp\/v2\/users\/1"}],"replies":[{"embeddable":true,"href":"https:\/\/www.regioncuatronoticias.com\/index.php\/wp-json\/wp\/v2\/comments?post=6233"}],"version-history":[{"count":1,"href":"https:\/\/www.regioncuatronoticias.com\/index.php\/wp-json\/wp\/v2\/posts\/6233\/revisions"}],"predecessor-version":[{"id":6235,"href":"https:\/\/www.regioncuatronoticias.com\/index.php\/wp-json\/wp\/v2\/posts\/6233\/revisions\/6235"}],"wp:featuredmedia":[{"embeddable":true,"href":"https:\/\/www.regioncuatronoticias.com\/index.php\/wp-json\/wp\/v2\/media\/6234"}],"wp:attachment":[{"href":"https:\/\/www.regioncuatronoticias.com\/index.php\/wp-json\/wp\/v2\/media?parent=6233"}],"wp:term":[{"taxonomy":"category","embeddable":true,"href":"https:\/\/www.regioncuatronoticias.com\/index.php\/wp-json\/wp\/v2\/categories?post=6233"},{"taxonomy":"post_tag","embeddable":true,"href":"https:\/\/www.regioncuatronoticias.com\/index.php\/wp-json\/wp\/v2\/tags?post=6233"}],"curies":[{"name":"wp","href":"https:\/\/api.w.org\/{rel}","templated":true}]}}