{"id":6142,"date":"2024-02-27T23:32:16","date_gmt":"2024-02-28T06:32:16","guid":{"rendered":"https:\/\/www.regioncuatronoticias.com\/?p=6142"},"modified":"2024-02-27T23:33:25","modified_gmt":"2024-02-28T06:33:25","slug":"cifras-para-preocupar","status":"publish","type":"post","link":"https:\/\/www.regioncuatronoticias.com\/index.php\/2024\/02\/27\/cifras-para-preocupar\/","title":{"rendered":"Cifras para preocupar"},"content":{"rendered":"\n<p><strong>Columna Encuadre<\/strong><\/p>\n\n\n\n<p><strong>Jos\u00e9 Felipe Medina<\/strong><\/p>\n\n\n\n<p><strong>&nbsp;Cifras para preocupar<\/strong><\/p>\n\n\n\n<p><strong>Martes 27 de febrero del 2024<\/strong><\/p>\n\n\n\n<p>Las cifras y datos brindados por el analista en Pol\u00edticas P\u00fablicas y temas de (in) Seguridad, V\u00edctor F\u00e9lix F\u00e9lix, son para asustar al m\u00e1s bragado.<\/p>\n\n\n\n<p>De acuerdo a informaci\u00f3n manejada en su cuenta de X (antes twitter), el asesinato n\u00famero 19 (desde que inici\u00f3 el a\u00f1o electoral, supongo) en la persona del aspirante a la alcald\u00eda de Maravat\u00edo, Miguel \u00c1ngel Reyes Zavala, hace del arranque del Proceso Electoral 2024 el m\u00e1s letal, comparado con los del 2018 y 2021; se estima rebasar las 800 agresiones a actores pol\u00edticos.<\/p>\n\n\n\n<p>En tanto, la experta en seguridad del Centro de Investigaci\u00f3n M\u00e9xico Eval\u00faa, Sandra Ley, se\u00f1ala que los asesinatos de funcionarios gubernamentales, candidatos y miembros de partidos pol\u00edticos aumentaron de 94 en 2018 a 355 en 2023. La escalada como puede Usted notar, en aumento.<\/p>\n\n\n\n<p>Cifras para preocupar en serio.<\/p>\n\n\n\n<p>Pero la cosa va m\u00e1s all\u00e1: en un reportaje del influyente diario norteamericano Wall Street Journal publicado este domingo, se se\u00f1ala que bajo la amenaza de fuerza, algunos alcaldes est\u00e1n nombrando a miembros de grupos de la delincuencia a puestos en tesorer\u00edas locales, seg\u00fan revelaciones de dos expresidentes municipales de Guerrero.<\/p>\n\n\n\n<p>Refieren que esos empleos, efectivamente, dan a los c\u00e1rteles control sobre contratos de construcci\u00f3n municipal, adquisiciones y otros servicios p\u00fablicos.<\/p>\n\n\n\n<p>Y es que ciertamente, todo hace indicar que los grupos delictivos ahora no solo controlan las actividades como el tr\u00e1fico de drogas y de indocumentados, la extorsi\u00f3n, la trata de blancas y el cobro de piso, sino que ahora buscan tambi\u00e9n poner a su antojo a candidatos, buscando asegurar la actividad pol\u00edtica para sus fines, mediante la infiltraci\u00f3n en los partidos pol\u00edticos. En ese contexto, dicen lo que saben de estos menesteres, es que se inserta el homicidio de aspirantes y candidatos a los diferentes puestos de elecci\u00f3n popular. Si les conviene, pasan; si no, piso.<\/p>\n\n\n\n<p>En Sonora todav\u00eda resuena el caso del exprocurador de Justicia en la entidad, Abel Murrieta, asesinado en plena campa\u00f1a como candidato a la alcald\u00eda de Cajeme por MC.<\/p>\n\n\n\n<p>Esperemos que esta creciente violencia en el terreno pol\u00edtico-electoral, no haga mella en la participaci\u00f3n de los ciudadanos en el actual proceso. Ojal\u00e1.<\/p>\n\n\n\n<p>En otro tema, tambi\u00e9n relacionado con la violencia, pero esta de g\u00e9nero, hoy martes 27, el Instituto Estatal Electoral y Participaci\u00f3n Ciudadana firmar\u00e1 el \u201cPacto Social por un Proceso Electoral 2023-2024 Libre de Violencia contra las Mujeres en Sonora\u201d, con varias instituciones.<\/p>\n\n\n\n<p>El evento ser\u00e1 encabezado por el gobernador del Estado, Alfonso Durazo Monta\u00f1o, y el consejero presidente del IEE Sonora, Nery Ruiz Arvizu, y se llevar\u00e1 a cabo en la Sala de Pleno del instituto electoral, en punto de las 13:00 horas.<\/p>\n\n\n\n<p>Este pacto ser\u00e1 firmado por representantes del Supremo Tribunal de Justicia, el Tribunal Estatal Electoral, el Tribunal de Justicia Administrativa, la Fiscal\u00eda General de Justicia, la Fiscal\u00eda Especializada en Materia de Delitos Electorales, el Instituto Sonorense de las Mujeres, la Comisi\u00f3n Estatal de Derechos Humanos, la Comisi\u00f3n Estatal para el Desarrollo de los Pueblos y Comunidades Ind\u00edgenas y los 10 partidos pol\u00edticos.<\/p>\n\n\n\n<p>Esperemos que este paso, efectivamente, sirva para frenar la violencia pol\u00edtica contra las mujeres, porque la f\u00edsica, al parecer no hay manera. Mire Usted: este lunes fue asesinada una joven mujer de dos balazos en Caborca, seg\u00fan una publicaci\u00f3n noticiosa difundida en Facebook y corroborado el ataque por la propia Fiscal\u00eda General de Justicia en el Estado. Y para darle m\u00e1s horror al mismo hecho, a su lado dejaron un narcomensaje contra un grupo criminal. Qu\u00e9 locura. Otro hogar sonorense de luto.<\/p>\n\n\n\n<p>Y si hablamos de violencia, pero esta verbal, el que entr\u00f3 tirando metralla pol\u00edtico-electoral fue el reci\u00e9n ungido (cuasi) candidato a diputado federal por el V Distrito por MC, Enrique Clausen Iberry, ex \u201cbrazo fuerte\u201d del gobierno de Claudia Pavlovich como subsecretario de Hacienda, luego director del Isssteson y finalmente Secretario de Salud, a quien por cierto hace unos d\u00edas me lo encontr\u00e9 haciendo fila en la ventanilla del Isssteson, cobrando su pensi\u00f3n.<\/p>\n\n\n\n<p>Coincido con quienes piensan que el Kiki Clausen se insert\u00f3 en la contienda un tanto apresurado, atropellado, y por lo mismo, sus posibilidades de alzarse con la victoria no son para nada halag\u00fce\u00f1as. Luego entonces: \u00bfa qu\u00e9 entr\u00f3?, \u00bfqu\u00e9 lo orill\u00f3 a tomar esa decisi\u00f3n?, \u00bfa qu\u00e9 intereses obedece?, \u00bfrestarle votos al \u201cBorrego\u201d G\u00e1ndara?, \u00bfa qu\u00e9?. Los malpensados dicen que busca comprar impunidad. \u00bfSer\u00e1?.<\/p>\n\n\n\n<p>Me queda claro que \u201cEl Pato\u201d de Lucas, aspirante al Senado por MC, debe de estar de pl\u00e1cemes con esta designaci\u00f3n.<\/p>\n\n\n\n<p>Y para cerrar, un par de temas mucho; pero mucho m\u00e1s amables.<\/p>\n\n\n\n<p>Primero: Desde estos p\u00e1rrafos celebro la vida de mi hermana Diana Alicia, quien este d\u00eda cumple a\u00f1o. No s\u00e9 cu\u00e1ntos, pero deben de ser muy pocos porque se ve igualita desde que la conozco. \u00a1\u00a1Enhorabuena, hermanita!!<\/p>\n\n\n\n<p>Y segundo. Les platico que este s\u00e1bado pasado, un grupo de periodistas integrantes de la mesa Kiosco Mayor, que lidera nuestro amigo Francisco Rodr\u00edguez, hicimos viaje a La Colorada para constatar lo que nos hab\u00eda platicado su alcalde Marcos Platt en un encuentro previo. Un municipio, si bien afectado por la sensible baja en su producci\u00f3n minera ante la pol\u00edtica federal de no permitir m\u00e1s exploraciones, pujante en el desarrollo de obras que le dan otro rostro, sobre todo para el desarrollo del turismo rural en su cabecera municipal y comisar\u00edas. Como buen tecoripense, el alcalde Platt se desempe\u00f1\u00f3 como excelente gu\u00eda y anfitri\u00f3n, satisfecho de la labor realizada, junto a su equipo de trabajo en el Ayuntamiento. Agradable gira de trabajo, sin duda.<\/p>\n\n\n\n<p>IN PROXIMUM<\/p>\n\n\n\n<p><strong>&nbsp;Me puedes seguir en Facebook: Jos\u00e9 Felipe Medina<\/strong><\/p>\n\n\n\n<p><strong>Tambi\u00e9n en X (antes twitter): @josefe31<\/strong><\/p>\n\n\n\n<p><strong>Correo Electr\u00f3nico: josefe31@hotmail.com<\/strong><\/p>\n\n\n\n<p><strong>FMINFORMATIVO.COM<\/strong><\/p>\n","protected":false},"excerpt":{"rendered":"<p>Columna Encuadre Jos\u00e9 Felipe Medina &nbsp;Cifras para preocupar Martes 27 de febrero del 2024 Las cifras y datos brindados por el analista en Pol\u00edticas P\u00fablicas y temas de (in) Seguridad, V\u00edctor F\u00e9lix F\u00e9lix, son para asustar al m\u00e1s bragado. De acuerdo a informaci\u00f3n manejada en su cuenta de X (antes twitter), el asesinato n\u00famero 19 [&hellip;]<\/p>\n","protected":false},"author":1,"featured_media":0,"comment_status":"open","ping_status":"open","sticky":false,"template":"","format":"standard","meta":{"content-type":"","footnotes":""},"categories":[122],"tags":[],"class_list":{"0":"post-6142","1":"post","2":"type-post","3":"status-publish","4":"format-standard","6":"category-jose-felipe-medina"},"_links":{"self":[{"href":"https:\/\/www.regioncuatronoticias.com\/index.php\/wp-json\/wp\/v2\/posts\/6142","targetHints":{"allow":["GET"]}}],"collection":[{"href":"https:\/\/www.regioncuatronoticias.com\/index.php\/wp-json\/wp\/v2\/posts"}],"about":[{"href":"https:\/\/www.regioncuatronoticias.com\/index.php\/wp-json\/wp\/v2\/types\/post"}],"author":[{"embeddable":true,"href":"https:\/\/www.regioncuatronoticias.com\/index.php\/wp-json\/wp\/v2\/users\/1"}],"replies":[{"embeddable":true,"href":"https:\/\/www.regioncuatronoticias.com\/index.php\/wp-json\/wp\/v2\/comments?post=6142"}],"version-history":[{"count":2,"href":"https:\/\/www.regioncuatronoticias.com\/index.php\/wp-json\/wp\/v2\/posts\/6142\/revisions"}],"predecessor-version":[{"id":6144,"href":"https:\/\/www.regioncuatronoticias.com\/index.php\/wp-json\/wp\/v2\/posts\/6142\/revisions\/6144"}],"wp:attachment":[{"href":"https:\/\/www.regioncuatronoticias.com\/index.php\/wp-json\/wp\/v2\/media?parent=6142"}],"wp:term":[{"taxonomy":"category","embeddable":true,"href":"https:\/\/www.regioncuatronoticias.com\/index.php\/wp-json\/wp\/v2\/categories?post=6142"},{"taxonomy":"post_tag","embeddable":true,"href":"https:\/\/www.regioncuatronoticias.com\/index.php\/wp-json\/wp\/v2\/tags?post=6142"}],"curies":[{"name":"wp","href":"https:\/\/api.w.org\/{rel}","templated":true}]}}