{"id":6108,"date":"2024-02-27T11:30:56","date_gmt":"2024-02-27T18:30:56","guid":{"rendered":"https:\/\/www.regioncuatronoticias.com\/?p=6108"},"modified":"2024-02-27T11:30:59","modified_gmt":"2024-02-27T18:30:59","slug":"prohibe-milei-lenguaje-inclusivo-en-administracion-publica-argentina","status":"publish","type":"post","link":"https:\/\/www.regioncuatronoticias.com\/index.php\/2024\/02\/27\/prohibe-milei-lenguaje-inclusivo-en-administracion-publica-argentina\/","title":{"rendered":"Proh\u00edbe Milei lenguaje inclusivo en administraci\u00f3n p\u00fablica argentina"},"content":{"rendered":"\n<p>Buenos Aires. El presidente argentino Javier Milei prohibi\u00f3 el martes el uso del lenguaje inclusivo y cualquier referencia a la perspectiva de g\u00e9nero en los documentos de la administraci\u00f3n p\u00fablica.<\/p>\n\n\n\n<p>El portavoz presidencial Manuel Adorni anunci\u00f3 que el gobierno \u201cinici\u00f3 las actuaciones\u201d para terminar con la pr\u00e1ctica adoptada por el gobierno del anterior presidente Alberto Fern\u00e1ndez (2019-3023). \u201cNo se va poder usar la letra e, la arroba, la x y evitar la innecesaria inclusi\u00f3n del femenino en todos los documentos de la administraci\u00f3n p\u00fablica\u201d, precis\u00f3 el funcionario a periodistas durante su habitual conferencia de prensa.<\/p>\n\n\n\n<p>Antes de llegar a la presidencia en diciembre, Milei \u2014quien se refiere a s\u00ed mismo como un \u201clibertario anarcocapitalista\u201d\u2014 llamaba a \u201cdar la batalla cultural\u201d contra el \u201cadoctrinamiento del marxismo\u201d al que considera responsable de haber acu\u00f1ado el lenguaje inclusivo, la \u201cideolog\u00eda de g\u00e9nero\u201d y la \u201cagenda ecologista\u201d.<\/p>\n\n\n\n<p>Adorni dijo que el gobierno no est\u00e1 dispuesto a dar un debate sobre el uso del lenguaje, defendi\u00f3 que la gram\u00e1tica de lengua castellana representa a todos los sectores y acot\u00f3 que la medida anunciada supone extender la decisi\u00f3n que ya hab\u00eda tomado el Ministerio de Defensa en su documentaci\u00f3n oficial.<\/p>\n\n\n\n<p>Una orden firmada por el ministro de Defensa, Luis Petri, publicada la v\u00edspera sostiene que \u201cdeber\u00e1 emplearse el idioma castellano&#8221; bajo los t\u00e9rminos y reglas fijados por la Real Academia Espa\u00f1ola.<\/p>\n\n\n\n<p>Seg\u00fan la nueva normativa, f\u00f3rmulas como \u201csargenta\u201d o \u201ccaba\u201d no estar\u00e1n permitidas, ni tampoco t\u00e9rminos para referirse a identidades no binarias como \u201csoldadxs\u201d o \u201csoldades\u201d.<\/p>\n\n\n\n<p>En la regi\u00f3n Argentina fue un pa\u00eds pionero en el uso de ese lenguaje, que algunas universidades habilitaron desde 2017.<\/p>\n\n\n\n<p>Fern\u00e1ndez lo utiliz\u00f3 p\u00fablicamente en varias ocasiones. \u201cVamos poquito a poquito haciendo posible lo que parec\u00eda imposible. El ideal va a ser cuando todos y todas seamos todes y a nadie le importe el sexo de la gente\u201d, dijo en una ocasi\u00f3n.<\/p>\n\n\n\n<p>En 2021, el entonces mandatario argentino anunci\u00f3 la puesta en marcha del documento nacional de identidad para personas no binarias.<\/p>\n\n\n\n<p>El gobierno de Milei ha anunciado algunas medidas pol\u00e9micas en los \u00faltimos d\u00edas referidas al \u00e1mbito social: la semana pasada dispuso el desmantelamiento del Instituto Nacional contra la Discriminaci\u00f3n por entender que era un gasto innecesario.<\/p>\n","protected":false},"excerpt":{"rendered":"<p>Buenos Aires. El presidente argentino Javier Milei prohibi\u00f3 el martes el uso del lenguaje inclusivo y cualquier referencia a la perspectiva de g\u00e9nero en los documentos de la administraci\u00f3n p\u00fablica. El portavoz presidencial Manuel Adorni anunci\u00f3 que el gobierno \u201cinici\u00f3 las actuaciones\u201d para terminar con la pr\u00e1ctica adoptada por el gobierno del anterior presidente Alberto [&hellip;]<\/p>\n","protected":false},"author":1,"featured_media":6109,"comment_status":"open","ping_status":"open","sticky":false,"template":"","format":"standard","meta":{"content-type":"","footnotes":""},"categories":[7],"tags":[],"class_list":{"0":"post-6108","1":"post","2":"type-post","3":"status-publish","4":"format-standard","5":"has-post-thumbnail","7":"category-internacional"},"_links":{"self":[{"href":"https:\/\/www.regioncuatronoticias.com\/index.php\/wp-json\/wp\/v2\/posts\/6108","targetHints":{"allow":["GET"]}}],"collection":[{"href":"https:\/\/www.regioncuatronoticias.com\/index.php\/wp-json\/wp\/v2\/posts"}],"about":[{"href":"https:\/\/www.regioncuatronoticias.com\/index.php\/wp-json\/wp\/v2\/types\/post"}],"author":[{"embeddable":true,"href":"https:\/\/www.regioncuatronoticias.com\/index.php\/wp-json\/wp\/v2\/users\/1"}],"replies":[{"embeddable":true,"href":"https:\/\/www.regioncuatronoticias.com\/index.php\/wp-json\/wp\/v2\/comments?post=6108"}],"version-history":[{"count":1,"href":"https:\/\/www.regioncuatronoticias.com\/index.php\/wp-json\/wp\/v2\/posts\/6108\/revisions"}],"predecessor-version":[{"id":6110,"href":"https:\/\/www.regioncuatronoticias.com\/index.php\/wp-json\/wp\/v2\/posts\/6108\/revisions\/6110"}],"wp:featuredmedia":[{"embeddable":true,"href":"https:\/\/www.regioncuatronoticias.com\/index.php\/wp-json\/wp\/v2\/media\/6109"}],"wp:attachment":[{"href":"https:\/\/www.regioncuatronoticias.com\/index.php\/wp-json\/wp\/v2\/media?parent=6108"}],"wp:term":[{"taxonomy":"category","embeddable":true,"href":"https:\/\/www.regioncuatronoticias.com\/index.php\/wp-json\/wp\/v2\/categories?post=6108"},{"taxonomy":"post_tag","embeddable":true,"href":"https:\/\/www.regioncuatronoticias.com\/index.php\/wp-json\/wp\/v2\/tags?post=6108"}],"curies":[{"name":"wp","href":"https:\/\/api.w.org\/{rel}","templated":true}]}}