{"id":6054,"date":"2024-02-25T23:50:19","date_gmt":"2024-02-26T06:50:19","guid":{"rendered":"https:\/\/www.regioncuatronoticias.com\/?p=6054"},"modified":"2024-02-25T23:52:00","modified_gmt":"2024-02-26T06:52:00","slug":"un-centro-historico-comercial-a-la-altura-de-la-esperanza-de-sus-ciudadanos","status":"publish","type":"post","link":"https:\/\/www.regioncuatronoticias.com\/index.php\/2024\/02\/25\/un-centro-historico-comercial-a-la-altura-de-la-esperanza-de-sus-ciudadanos\/","title":{"rendered":"Un centro hist\u00f3rico-comercial a la altura de la ESPERANZA de SUS ciudadanos"},"content":{"rendered":"\n<p><strong>Columna Inmersi\u00f3n<\/strong><\/p>\n\n\n\n<p><strong>Reynaldo Espinoza Negrete<\/strong><\/p>\n\n\n\n<p><strong>Un centro hist\u00f3rico-comercial a la altura de la ESPERANZA de SUS ciudadanos<\/strong><\/p>\n\n\n\n<p><strong>Febrero 26 de 2024<\/strong><\/p>\n\n\n\n<p><strong>Gr\u00e1fica Cortes\u00eda de Embarquemos.com<\/strong><\/p>\n\n\n\n<p>La reciente publicaci\u00f3n del Plan de Mejora Vial del Centro Hist\u00f3rico-Comercial de Hermosillo, levanta el \u00e1nimo. Es un gran proyecto, del tama\u00f1o de nuestro estado, el m\u00e1s grande de la rep\u00fablica (el vecino del este, solo es el m\u00e1s extenso); acorde a la ESPERANZA de los ciudadanos, de contar con un centro comercial-hist\u00f3rico moderno y seguro, no solo en el aspecto de la vialidad para conductores, peatones (incluidas personas con discapacidad motriz, visual y auditiva) sino, tambi\u00e9n, acorde a las avenidas de agua las cuales se presentan de forma intempestiva y que anegan calles, avenidas y bulevares, al no encontrar cauce por el drenaje correspondiente. Exacto: el pluvial.<\/p>\n\n\n\n<p>Ser\u00e1 una gran satisfacci\u00f3n ver rehabilitada la OLVIDADA red contraincendios para control de p\u00e9rdidas en los comercios; el retiro definitivo de las obsoletas terminales de camiones del transporte p\u00fablico, los cuales impactan el ambiente al \u201cestrechar\u201d el flujo vehicular; que se limite el tr\u00e1fico pesado para protecci\u00f3n del arroyo de automotores y as\u00ed alargar la vida de la cinta vial.<\/p>\n\n\n\n<p>Merecer\u00e1 un interminable aplauso considerar las banquetas sin desniveles, un tema de conciencia colectiva y por lo mismo, que ata\u00f1e al funcionario p\u00fablico y al comerciante por igual. Por fin, incluir rampas en aceras, sem\u00e1foros peatonales audibles para las personas con capacidades diferentes.<\/p>\n\n\n\n<p>Y qu\u00e9 decir de liberar banquetas de postes de comunicaci\u00f3n, de energ\u00eda, de iluminaci\u00f3n, de publicidad y&nbsp; como uno de los puntos m m\u00e1s importantes, el retiro del ambulantaje del \u00e1rea por donde transitan las &nbsp;peatonas.<\/p>\n\n\n\n<p>Esos cambios son de primer mundo y eso ser\u00e1 Hermosillo con esta MAGNA remodelaci\u00f3n la cual, de seguro, cumplir\u00e1 con la normatividad establecida, adem\u00e1s de una caracter\u00edstica de nivel mundial como la de circulaci\u00f3n r\u00e1pida, \u00e1gil, lo cual hoy no es posible decir de nuestra querida ciudad capital, a lo que habr\u00eda que agregar el absurdo entorpecimiento del flujo vehicular causado por esas \u201corejas\u201d en las esquinas de varias \u201cmanzanas\u201d, algo solo visto en esta poblaci\u00f3n y sus sufridos habitantes.<\/p>\n\n\n\n<p>Otra consideraci\u00f3n que debe estar incluida (aunque la informaci\u00f3n publicada solo nos permite atisbar, no ir m\u00e1s all\u00e1) es la liberaci\u00f3n del gigantesco estacionamiento, &nbsp;tanto en el centro comercial como en el hist\u00f3rico, con el apoyo de un eficiente transporte p\u00fablico, sin soslayar el dicho de nuestros vecinos del norte NO PARKING, NO BUSINESS, entendi\u00e9ndose el ofertado comercialmente, no el p\u00fablico.<\/p>\n\n\n\n<p>De la iluminaci\u00f3n, no hay duda, pues con el impulso acelerado en esta administraci\u00f3n municipal, ese sector de la ciudad deber\u00e1 lucir resplandeciente con tapete luminoso al pie del emblem\u00e1tico Cerro de La Campana, \u00edcono del nativo y tambi\u00e9n del hijo adoptivo de la capital sonorense.<\/p>\n\n\n\n<p>Nos sentiremos orgullosos de este desarrollo, una vez veamos trabajar ese drenaje pluvial encauzando las aguas hacia su curso natural, el paciente Rio Sonora, lo que nos dar\u00e1 la tranquilidad de que la superficie de concreto est\u00e1 protegida de la erosi\u00f3n que causa el flujo de aguas de lluvia con multitud de s\u00f3lidos en suspensi\u00f3n.<\/p>\n\n\n\n<p>Y una vez \u201caplacadas\u201d, \u201cdomadas\u201d, dichas avenidas del agua de lluvia con sus lodos remanentes, se evitar\u00e1 su acci\u00f3n abrasiva bajo los neum\u00e1ticos de los veh\u00edculos. Por cierto, este desgaste ya se aprecia claramente en el tramo del bulevar Eusebio Kino pues, cuando se remodel\u00f3 esta importante vialidad, se le cancel\u00f3 el drenaje pluvial, dejando el arroyo como cauce, honrando as\u00ed nuestra cultura \u201ctercermundista\u201d en la cual estamos INMERSOS.<\/p>\n\n\n\n<p>Este Plan de Mejora Vial del Centro.}-Hist\u00f3rico-Comercial de Hermosillo nos proyecta como una ciudad del Primer Mundo, de Estado Grande, de una REP\u00daBLICA TRANSFORM\u00c1NDOSE.<\/p>\n\n\n\n<p>Su ejecuci\u00f3n nos dar\u00e1 grandes satisfacciones a los hermosillenses. Estoy seguro de ello.<\/p>\n\n\n\n<p>Y si seguimos haciendo crecer la ESPERANZA, podr\u00edamos hasta pensar que fuera para la ciudad entera y para todas las poblaciones de este GRANDIOSO estado y que no solo sea un beneficio comercial sino SOCIAL.<\/p>\n\n\n\n<p>Porque mejorar la circulaci\u00f3n vial es, antes que nada, mejorar el ambiente, y por tanto, la salud. &nbsp;&nbsp;<\/p>\n\n\n\n<p>Este nivel de INVERSION asegura obras duraderas, en especial aquellas que \u201cno se ven\u201d (drenaje pluvial, red suministro hidr\u00e1ulico, potable y contra-incendio); nos hacen crecer, pues la obra p\u00fablica se diversifica y no hay necesidad de RE-INVERTIR por mala calidad de materiales, planificaci\u00f3n detallada o, incluso, por deficiente supervisi\u00f3n.<\/p>\n\n\n\n<p>Podr\u00edamos so\u00f1ar con esa diversificaci\u00f3n estirando los recursos, con el total de colonias pavimentadas, parques p\u00fablicos equipados e iluminados, hasta en &nbsp;hospitales del \u00e1mbito municipal; incremento en la vigilancia de las escuelas, etc\u00e9tera, etc\u00e9tera.<\/p>\n\n\n\n<p>Son tantas las obras prioritarias que nos hacen falta. Se vale, no so\u00f1ar, sino exigir.<\/p>\n\n\n\n<p>Hermosillo, Sonora, a 26 de febrero del 2024.<\/p>\n","protected":false},"excerpt":{"rendered":"<p>Columna Inmersi\u00f3n Reynaldo Espinoza Negrete Un centro hist\u00f3rico-comercial a la altura de la ESPERANZA de SUS ciudadanos Febrero 26 de 2024 Gr\u00e1fica Cortes\u00eda de Embarquemos.com La reciente publicaci\u00f3n del Plan de Mejora Vial del Centro Hist\u00f3rico-Comercial de Hermosillo, levanta el \u00e1nimo. Es un gran proyecto, del tama\u00f1o de nuestro estado, el m\u00e1s grande de la [&hellip;]<\/p>\n","protected":false},"author":1,"featured_media":6055,"comment_status":"open","ping_status":"open","sticky":false,"template":"","format":"standard","meta":{"content-type":"","footnotes":""},"categories":[106],"tags":[],"class_list":{"0":"post-6054","1":"post","2":"type-post","3":"status-publish","4":"format-standard","5":"has-post-thumbnail","7":"category-reynaldo-espinoza-negrete"},"_links":{"self":[{"href":"https:\/\/www.regioncuatronoticias.com\/index.php\/wp-json\/wp\/v2\/posts\/6054","targetHints":{"allow":["GET"]}}],"collection":[{"href":"https:\/\/www.regioncuatronoticias.com\/index.php\/wp-json\/wp\/v2\/posts"}],"about":[{"href":"https:\/\/www.regioncuatronoticias.com\/index.php\/wp-json\/wp\/v2\/types\/post"}],"author":[{"embeddable":true,"href":"https:\/\/www.regioncuatronoticias.com\/index.php\/wp-json\/wp\/v2\/users\/1"}],"replies":[{"embeddable":true,"href":"https:\/\/www.regioncuatronoticias.com\/index.php\/wp-json\/wp\/v2\/comments?post=6054"}],"version-history":[{"count":2,"href":"https:\/\/www.regioncuatronoticias.com\/index.php\/wp-json\/wp\/v2\/posts\/6054\/revisions"}],"predecessor-version":[{"id":6057,"href":"https:\/\/www.regioncuatronoticias.com\/index.php\/wp-json\/wp\/v2\/posts\/6054\/revisions\/6057"}],"wp:featuredmedia":[{"embeddable":true,"href":"https:\/\/www.regioncuatronoticias.com\/index.php\/wp-json\/wp\/v2\/media\/6055"}],"wp:attachment":[{"href":"https:\/\/www.regioncuatronoticias.com\/index.php\/wp-json\/wp\/v2\/media?parent=6054"}],"wp:term":[{"taxonomy":"category","embeddable":true,"href":"https:\/\/www.regioncuatronoticias.com\/index.php\/wp-json\/wp\/v2\/categories?post=6054"},{"taxonomy":"post_tag","embeddable":true,"href":"https:\/\/www.regioncuatronoticias.com\/index.php\/wp-json\/wp\/v2\/tags?post=6054"}],"curies":[{"name":"wp","href":"https:\/\/api.w.org\/{rel}","templated":true}]}}