{"id":6031,"date":"2024-02-24T19:13:11","date_gmt":"2024-02-25T02:13:11","guid":{"rendered":"https:\/\/www.regioncuatronoticias.com\/?p=6031"},"modified":"2024-02-24T19:13:13","modified_gmt":"2024-02-25T02:13:13","slug":"javier-milei-ante-donald-trump-y-el-partido-republicano-no-venimos-a-criar-corderos-sino-a-despertar-leones","status":"publish","type":"post","link":"https:\/\/www.regioncuatronoticias.com\/index.php\/2024\/02\/24\/javier-milei-ante-donald-trump-y-el-partido-republicano-no-venimos-a-criar-corderos-sino-a-despertar-leones\/","title":{"rendered":"Javier Milei ante Donald Trump y el partido Republicano: &#8220;No venimos a criar corderos sino a despertar leones&#8221;"},"content":{"rendered":"\n<p>El presidente de Argentina, Javier Milei, tuvo una ponencia en la Conferencia de Acci\u00f3n Pol\u00edtica Conservadora (CPAC, siglas en ingl\u00e9s), en Estados Unidos. Y recibi\u00f3 elogios por parte de Donald Trump, el m\u00e1ximo referente a ganar la presidencia por parte del partido republicano.<\/p>\n\n\n\n<p><strong>&#8220;Est\u00e1s haciendo un gran trabajo. Saqu\u00e9monos unas fotos&#8221;, dijo<\/strong>&nbsp;Trump.<\/p>\n\n\n\n<p>El ex presidente estadounidense elogi\u00f3 de manera contundente al argentino: &#8220;Quiero agradecer al presidente de la Argentina, que tuvo mucha publicidad.<strong>&nbsp;Es un gran se\u00f1or, es MAGA,&nbsp;<\/strong><strong><em>Make Argentina Great Again<\/em><\/strong><em>.<\/em>&nbsp;Puede hacerlo bien.&nbsp;<strong>Gracias Milei,<\/strong>&nbsp;muchas gracias, es un gran honor tenerte aqu\u00ed&#8221;.<\/p>\n\n\n\n<p>Durante la cumbre y tras el discurso de Trump hubo oportunidad para que se cruzaran personalmente:\u00a0<strong>&#8220;\u00a1Presidente! Qu\u00e9 lindo conocerlo. Es un gran placer conocerlo, Presidente. Es un gran honor para m\u00ed. Gracias por sus palabras hacia m\u00ed. Estoy muy contento, es muy generoso. Muchas gracias, es un gran placer<\/strong>&#8220;, le dijo Milei a Trump.<\/p>\n\n\n\n<p>En su ponencia, Milei habl\u00f3 sobre los peligros del socialismo, al grito de &#8220;soy un le\u00f3n&#8221; y &#8220;viva la libertad&#8221;. Y se enfoc\u00f3 en explicar los impactos negativos en el crecimiento de una naci\u00f3n con intervenci\u00f3n del Estado.<\/p>\n\n\n\n<p>&#8220;Cuando definimos bien mercado, todas las definiciones de intervenci\u00f3n se derrumban&#8221;, dijo el mandatario argentino. &#8220;No se dejen llevar por los cantos de sirena de la justicia social&#8221;, agreg\u00f3.<\/p>\n\n\n\n<p>Eduardo Bolsonaro, hijo del ex presidente brasile\u00f1o Jair Bolsonaro, tambi\u00e9n ofreci\u00f3 una presentaci\u00f3n en la conferencia conservadora.<\/p>\n\n\n\n<figure class=\"wp-block-embed is-type-rich is-provider-twitter wp-block-embed-twitter\"><div class=\"wp-block-embed__wrapper\">\n<blockquote class=\"twitter-tweet\" data-width=\"550\" data-dnt=\"true\"><p lang=\"en\" dir=\"ltr\">HAPPENING NOW!\ud83c\uddfa\ud83c\uddf8\ud83c\udde6\ud83c\uddf7 <a href=\"https:\/\/twitter.com\/realDonaldTrump?ref_src=twsrc%5Etfw\">@realDonaldTrump<\/a> <a href=\"https:\/\/twitter.com\/JMilei?ref_src=twsrc%5Etfw\">@JMilei<\/a> <a href=\"https:\/\/t.co\/Aye7Rd1yH8\">pic.twitter.com\/Aye7Rd1yH8<\/a><\/p>&mdash; Dan Scavino Jr.\ud83c\uddfa\ud83c\uddf8\ud83e\udd85 (@DanScavino) <a href=\"https:\/\/twitter.com\/DanScavino\/status\/1761491962874483026?ref_src=twsrc%5Etfw\">February 24, 2024<\/a><\/blockquote><script async src=\"https:\/\/platform.twitter.com\/widgets.js\" charset=\"utf-8\"><\/script>\n<\/div><\/figure>\n","protected":false},"excerpt":{"rendered":"<p>El presidente de Argentina, Javier Milei, tuvo una ponencia en la Conferencia de Acci\u00f3n Pol\u00edtica Conservadora (CPAC, siglas en ingl\u00e9s), en Estados Unidos. Y recibi\u00f3 elogios por parte de Donald Trump, el m\u00e1ximo referente a ganar la presidencia por parte del partido republicano. &#8220;Est\u00e1s haciendo un gran trabajo. Saqu\u00e9monos unas fotos&#8221;, dijo&nbsp;Trump. El ex presidente [&hellip;]<\/p>\n","protected":false},"author":1,"featured_media":6032,"comment_status":"open","ping_status":"open","sticky":false,"template":"","format":"standard","meta":{"content-type":"","footnotes":""},"categories":[7,105],"tags":[],"class_list":{"0":"post-6031","1":"post","2":"type-post","3":"status-publish","4":"format-standard","5":"has-post-thumbnail","7":"category-internacional","8":"category-principal"},"_links":{"self":[{"href":"https:\/\/www.regioncuatronoticias.com\/index.php\/wp-json\/wp\/v2\/posts\/6031","targetHints":{"allow":["GET"]}}],"collection":[{"href":"https:\/\/www.regioncuatronoticias.com\/index.php\/wp-json\/wp\/v2\/posts"}],"about":[{"href":"https:\/\/www.regioncuatronoticias.com\/index.php\/wp-json\/wp\/v2\/types\/post"}],"author":[{"embeddable":true,"href":"https:\/\/www.regioncuatronoticias.com\/index.php\/wp-json\/wp\/v2\/users\/1"}],"replies":[{"embeddable":true,"href":"https:\/\/www.regioncuatronoticias.com\/index.php\/wp-json\/wp\/v2\/comments?post=6031"}],"version-history":[{"count":1,"href":"https:\/\/www.regioncuatronoticias.com\/index.php\/wp-json\/wp\/v2\/posts\/6031\/revisions"}],"predecessor-version":[{"id":6033,"href":"https:\/\/www.regioncuatronoticias.com\/index.php\/wp-json\/wp\/v2\/posts\/6031\/revisions\/6033"}],"wp:featuredmedia":[{"embeddable":true,"href":"https:\/\/www.regioncuatronoticias.com\/index.php\/wp-json\/wp\/v2\/media\/6032"}],"wp:attachment":[{"href":"https:\/\/www.regioncuatronoticias.com\/index.php\/wp-json\/wp\/v2\/media?parent=6031"}],"wp:term":[{"taxonomy":"category","embeddable":true,"href":"https:\/\/www.regioncuatronoticias.com\/index.php\/wp-json\/wp\/v2\/categories?post=6031"},{"taxonomy":"post_tag","embeddable":true,"href":"https:\/\/www.regioncuatronoticias.com\/index.php\/wp-json\/wp\/v2\/tags?post=6031"}],"curies":[{"name":"wp","href":"https:\/\/api.w.org\/{rel}","templated":true}]}}