{"id":6006,"date":"2024-02-24T16:05:07","date_gmt":"2024-02-24T23:05:07","guid":{"rendered":"https:\/\/www.regioncuatronoticias.com\/?p=6006"},"modified":"2024-02-24T16:05:08","modified_gmt":"2024-02-24T23:05:08","slug":"participa-gobierno-de-sonora-en-conmemoracion-nacional-del-dia-de-la-bandera","status":"publish","type":"post","link":"https:\/\/www.regioncuatronoticias.com\/index.php\/2024\/02\/24\/participa-gobierno-de-sonora-en-conmemoracion-nacional-del-dia-de-la-bandera\/","title":{"rendered":"Participa Gobierno de Sonora en conmemoraci\u00f3n nacional del D\u00eda de la Bandera"},"content":{"rendered":"\n<p>Hermosillo, Sonora, 24 de febrero de 2024.- Con un llamado a redoblar los esfuerzos en la ruta de construcci\u00f3n del estado de bienestar al que todos los sonorenses y mexicanos tienen derecho, el Gobierno de Sonora particip\u00f3 en la conmemoraci\u00f3n nacional del D\u00eda de la Bandera, presidida desde Mazatl\u00e1n, Sinaloa por el presidente de M\u00e9xico, Andr\u00e9s Manuel L\u00f3pez Obrador.&nbsp;<\/p>\n\n\n\n<p>Adolfo Salazar Razo, secretario de Gobierno y Aar\u00f3n Grageda Bustamante, titular de la Secretar\u00eda de Educaci\u00f3n y Cultura (SEC), desde Hermosillo encabezaron la ceremonia, donde se abanderaron las escoltas de 15 instituciones educativas de nivel b\u00e1sico y de media superior, en un evento realizado en la Plaza de la Bandera, ubicada en el Centro de Gobierno.<\/p>\n\n\n\n<p>Tras escuchar el mensaje del primer mandatario, las autoridades educativas y de gobierno en la entidad se pronunciaron por una patria soberana e independiente donde se honren los valores que representa la ense\u00f1a nacional, en cada actividad desempe\u00f1ada, en la familia, en el servicio p\u00fablico y en cualquier espacio.<\/p>\n\n\n\n<p>Salazar Razo refrend\u00f3 el compromiso del Gobierno de Sonora de heredarles a las nuevas generaciones, valores y sentimientos patri\u00f3ticos, as\u00ed como seguir luchando a favor de un proceso profundo y transformador, m\u00e1s all\u00e1 de los colores de un partido pol\u00edtico, del estatus social de las personas o de sus creencias.&nbsp;<\/p>\n\n\n\n<p>Por su parte, el titular de la SEC resalt\u00f3 que honrar al s\u00edmbolo m\u00e1s importante de los mexicanos y que les da identidad, es fundamental para la educaci\u00f3n c\u00edvica de ni\u00f1as, ni\u00f1os y adolescentes, en el marco de la cuarta transformaci\u00f3n de la vida p\u00fablica nacional.&nbsp;<\/p>\n\n\n\n<p>El evento cont\u00f3 con la participaci\u00f3n de las fuerzas armadas, as\u00ed como con la asistencia de cientos de familias que acudieron a rendir homenaje al l\u00e1baro patrio.<\/p>\n","protected":false},"excerpt":{"rendered":"<p>Hermosillo, Sonora, 24 de febrero de 2024.- Con un llamado a redoblar los esfuerzos en la ruta de construcci\u00f3n del estado de bienestar al que todos los sonorenses y mexicanos tienen derecho, el Gobierno de Sonora particip\u00f3 en la conmemoraci\u00f3n nacional del D\u00eda de la Bandera, presidida desde Mazatl\u00e1n, Sinaloa por el presidente de M\u00e9xico, [&hellip;]<\/p>\n","protected":false},"author":1,"featured_media":6007,"comment_status":"open","ping_status":"open","sticky":false,"template":"","format":"standard","meta":{"content-type":"","footnotes":""},"categories":[105,9],"tags":[],"class_list":{"0":"post-6006","1":"post","2":"type-post","3":"status-publish","4":"format-standard","5":"has-post-thumbnail","7":"category-principal","8":"category-sonora"},"_links":{"self":[{"href":"https:\/\/www.regioncuatronoticias.com\/index.php\/wp-json\/wp\/v2\/posts\/6006","targetHints":{"allow":["GET"]}}],"collection":[{"href":"https:\/\/www.regioncuatronoticias.com\/index.php\/wp-json\/wp\/v2\/posts"}],"about":[{"href":"https:\/\/www.regioncuatronoticias.com\/index.php\/wp-json\/wp\/v2\/types\/post"}],"author":[{"embeddable":true,"href":"https:\/\/www.regioncuatronoticias.com\/index.php\/wp-json\/wp\/v2\/users\/1"}],"replies":[{"embeddable":true,"href":"https:\/\/www.regioncuatronoticias.com\/index.php\/wp-json\/wp\/v2\/comments?post=6006"}],"version-history":[{"count":1,"href":"https:\/\/www.regioncuatronoticias.com\/index.php\/wp-json\/wp\/v2\/posts\/6006\/revisions"}],"predecessor-version":[{"id":6008,"href":"https:\/\/www.regioncuatronoticias.com\/index.php\/wp-json\/wp\/v2\/posts\/6006\/revisions\/6008"}],"wp:featuredmedia":[{"embeddable":true,"href":"https:\/\/www.regioncuatronoticias.com\/index.php\/wp-json\/wp\/v2\/media\/6007"}],"wp:attachment":[{"href":"https:\/\/www.regioncuatronoticias.com\/index.php\/wp-json\/wp\/v2\/media?parent=6006"}],"wp:term":[{"taxonomy":"category","embeddable":true,"href":"https:\/\/www.regioncuatronoticias.com\/index.php\/wp-json\/wp\/v2\/categories?post=6006"},{"taxonomy":"post_tag","embeddable":true,"href":"https:\/\/www.regioncuatronoticias.com\/index.php\/wp-json\/wp\/v2\/tags?post=6006"}],"curies":[{"name":"wp","href":"https:\/\/api.w.org\/{rel}","templated":true}]}}