{"id":6003,"date":"2024-02-23T17:30:53","date_gmt":"2024-02-24T00:30:53","guid":{"rendered":"https:\/\/www.regioncuatronoticias.com\/?p=6003"},"modified":"2024-02-23T17:30:55","modified_gmt":"2024-02-24T00:30:55","slug":"encabeza-gobernador-instalacion-de-mexico-pacific-limited-en-sonora","status":"publish","type":"post","link":"https:\/\/www.regioncuatronoticias.com\/index.php\/2024\/02\/23\/encabeza-gobernador-instalacion-de-mexico-pacific-limited-en-sonora\/","title":{"rendered":"Encabeza Gobernador instalaci\u00f3n de Mexico Pacific Limited en Sonora"},"content":{"rendered":"\n<p>El mandatario estatal en compa\u00f1\u00eda de directivos de la empresa inauguraron sus oficinas en Hermosillo<\/p>\n\n\n\n<p><strong>Hermosillo, Sonora; 23 de febrero de 2024.- <\/strong>Con la inauguraci\u00f3n de las oficinas de Mexico Pacific en Hermosillo y el registro de proveedores para el proyecto de la planta de licuefacci\u00f3n de gas natural en Puerto Libertad, se consolida en Sonora la inversi\u00f3n extranjera privada energ\u00e9tica m\u00e1s grande en el pa\u00eds, asever\u00f3 el gobernador Alfonso Durazo Monta\u00f1o.<\/p>\n\n\n\n<p>El mandatario estatal subray\u00f3 que se estima una cadena de proveedur\u00eda importante que pudiera convertirse en otro polo de desarrollo econ\u00f3mico para la entidad, tal como lo han sido proyectos de alto impacto como la Planta Ford o la industria minera.<\/p>\n\n\n\n<p>\u201cEl proyecto de Mexico Pacific representa una inversi\u00f3n superior a los 15 mil millones de d\u00f3lares, y como ya se ha mencionado, muy probablemente sea la inversi\u00f3n extranjera directa m\u00e1s grande en nuestro pa\u00eds, podr\u00eda duplicar la inversi\u00f3n de Tesla en Nuevo Le\u00f3n, para darnos una idea\u201d, indic\u00f3.<\/p>\n\n\n\n<p>Ivan Van der Walt, director ejecutivo de Mexico Pacific, agradeci\u00f3 el respaldo del gobernador Alfonso Durazo y su administraci\u00f3n para que se concretara el proyecto, ya que con esto se sientan las bases para una asociaci\u00f3n preparada para redefinir el escenario energ\u00e9tico de la regi\u00f3n.<\/p>\n\n\n\n<p>Previo al evento, el gobernador Alfonso Durazo Monta\u00f1o junto a Ivan Van der Walt inaugur\u00f3 las oficinas de Mexico Pacific; donde el mandatario estatal destac\u00f3 que esto representa un paso m\u00e1s en la materializaci\u00f3n del proyecto de inversi\u00f3n extranjera privada energ\u00e9tica m\u00e1s grande en M\u00e9xico en la entidad.<\/p>\n","protected":false},"excerpt":{"rendered":"<p>El mandatario estatal en compa\u00f1\u00eda de directivos de la empresa inauguraron sus oficinas en Hermosillo Hermosillo, Sonora; 23 de febrero de 2024.- Con la inauguraci\u00f3n de las oficinas de Mexico Pacific en Hermosillo y el registro de proveedores para el proyecto de la planta de licuefacci\u00f3n de gas natural en Puerto Libertad, se consolida en [&hellip;]<\/p>\n","protected":false},"author":1,"featured_media":6004,"comment_status":"open","ping_status":"open","sticky":false,"template":"","format":"standard","meta":{"content-type":"","footnotes":""},"categories":[9],"tags":[],"class_list":{"0":"post-6003","1":"post","2":"type-post","3":"status-publish","4":"format-standard","5":"has-post-thumbnail","7":"category-sonora"},"_links":{"self":[{"href":"https:\/\/www.regioncuatronoticias.com\/index.php\/wp-json\/wp\/v2\/posts\/6003","targetHints":{"allow":["GET"]}}],"collection":[{"href":"https:\/\/www.regioncuatronoticias.com\/index.php\/wp-json\/wp\/v2\/posts"}],"about":[{"href":"https:\/\/www.regioncuatronoticias.com\/index.php\/wp-json\/wp\/v2\/types\/post"}],"author":[{"embeddable":true,"href":"https:\/\/www.regioncuatronoticias.com\/index.php\/wp-json\/wp\/v2\/users\/1"}],"replies":[{"embeddable":true,"href":"https:\/\/www.regioncuatronoticias.com\/index.php\/wp-json\/wp\/v2\/comments?post=6003"}],"version-history":[{"count":1,"href":"https:\/\/www.regioncuatronoticias.com\/index.php\/wp-json\/wp\/v2\/posts\/6003\/revisions"}],"predecessor-version":[{"id":6005,"href":"https:\/\/www.regioncuatronoticias.com\/index.php\/wp-json\/wp\/v2\/posts\/6003\/revisions\/6005"}],"wp:featuredmedia":[{"embeddable":true,"href":"https:\/\/www.regioncuatronoticias.com\/index.php\/wp-json\/wp\/v2\/media\/6004"}],"wp:attachment":[{"href":"https:\/\/www.regioncuatronoticias.com\/index.php\/wp-json\/wp\/v2\/media?parent=6003"}],"wp:term":[{"taxonomy":"category","embeddable":true,"href":"https:\/\/www.regioncuatronoticias.com\/index.php\/wp-json\/wp\/v2\/categories?post=6003"},{"taxonomy":"post_tag","embeddable":true,"href":"https:\/\/www.regioncuatronoticias.com\/index.php\/wp-json\/wp\/v2\/tags?post=6003"}],"curies":[{"name":"wp","href":"https:\/\/api.w.org\/{rel}","templated":true}]}}