{"id":5996,"date":"2024-02-23T17:20:47","date_gmt":"2024-02-24T00:20:47","guid":{"rendered":"https:\/\/www.regioncuatronoticias.com\/?p=5996"},"modified":"2024-02-23T17:20:49","modified_gmt":"2024-02-24T00:20:49","slug":"jovenes-priistas-apuntalaran-el-rumbo-de-las-elecciones-el-proximo-2-de-junio-pri-sonora","status":"publish","type":"post","link":"https:\/\/www.regioncuatronoticias.com\/index.php\/2024\/02\/23\/jovenes-priistas-apuntalaran-el-rumbo-de-las-elecciones-el-proximo-2-de-junio-pri-sonora\/","title":{"rendered":"J\u00f3venes priistas apuntalar\u00e1n el rumbo de las elecciones el pr\u00f3ximo 2 de junio: PRI Sonora"},"content":{"rendered":"\n<p>Convocan a j\u00f3venes a sumarse y prepararse dentro del PRI<\/p>\n\n\n\n<p>Hermosillo, Sonora. 23 de febrero de 2024. El Partido Revolucionario Institucional (PRI) Sonora convoca a j\u00f3venes de Sonora a participar durante el pr\u00f3ximo proceso electoral del 2 de junio, ya que ser\u00e1 determinante para una elecci\u00f3n democr\u00e1tica y equitativa.<\/p>\n\n\n\n<p>Desde el Comit\u00e9 Directivo Estatal del PRI a trav\u00e9s de la Red de J\u00f3venes en Sonora y la Corriente Cr\u00edtica, se trabaja previo al proceso en llegar a aquellos j\u00f3venes que votar\u00e1n por primera vez y que por falta de informaci\u00f3n est\u00e1n indecisos en participar.<\/p>\n\n\n\n<p>H\u00e9ctor Enciso Ulloa Fierro, presidente de la Red de J\u00f3venes estatal, record\u00f3 que desde el PRI se ha fomentado la participaci\u00f3n de los j\u00f3venes en la pol\u00edtica y es por ello que se cuenta con la \u00fanica escuela de formaci\u00f3n de cuadros, asimismo, dentro de los estatutos partidarios, se deben considerar a j\u00f3venes dentro de las candidaturas.<\/p>\n\n\n\n<p>\u201cPor reglamento estatutario en el partido, una de cada tres candidaturas, ya sean regidores, diputados, vienen marcadas para j\u00f3venes de 18 a 35 a\u00f1os, adem\u00e1s, el PRI es la \u00fanica instituci\u00f3n pol\u00edtica que cuenta con una escuela nacional de cuadros, en donde se forman los futuros pol\u00edticos del pa\u00eds\u201d, indic\u00f3.<\/p>\n\n\n\n<p>Noelia Fraga C\u00f3rdova, secretaria general de la Corriente Cr\u00edtica en Sonora, reconoci\u00f3 que en el trabajo que se ha venido realizando de acercamiento a los j\u00f3venes vemos que es importante despertarles mayor inter\u00e9s por la pol\u00edtica, y demostrarle a este sector de la poblaci\u00f3n el trabajo que desde la pol\u00edtica se puede hacer por el entorno en donde viven.<\/p>\n\n\n\n<p>\u201cUn factor importante para llegar a ese p\u00fablico, la manera de hacer pol\u00edtica ha cambiado, las redes sociales han venido a revolucionar por completo, juegan un papel importante y de impacto, llegar a los j\u00f3venes a trav\u00e9s de la implementaci\u00f3n de estrategias llamativas a los j\u00f3venes, actividades y pl\u00e1ticas con un lenguaje no tan rebuscado para que se sientan atra\u00eddos, identificados, que les llame la atenci\u00f3n\u201d, resalt\u00f3.<\/p>\n\n\n\n<p>Convocaron a seguir las redes sociales del PRI Sonora en X e Instagram:\/twitter.com\/CDEPRISonora, www.instagram.com\/cdeprisonora, \/www.facebook.com\/PRISonora\/, @CDEPRISonora y de la Red de j\u00f3venes en Facebook: reddejovenespormexico_sonora y en Instagram y X como @lared_sonora, \/www.facebook.com\/rjxm.son.<\/p>\n","protected":false},"excerpt":{"rendered":"<p>Convocan a j\u00f3venes a sumarse y prepararse dentro del PRI Hermosillo, Sonora. 23 de febrero de 2024. El Partido Revolucionario Institucional (PRI) Sonora convoca a j\u00f3venes de Sonora a participar durante el pr\u00f3ximo proceso electoral del 2 de junio, ya que ser\u00e1 determinante para una elecci\u00f3n democr\u00e1tica y equitativa. Desde el Comit\u00e9 Directivo Estatal del [&hellip;]<\/p>\n","protected":false},"author":1,"featured_media":5997,"comment_status":"open","ping_status":"open","sticky":false,"template":"","format":"standard","meta":{"content-type":"","footnotes":""},"categories":[9],"tags":[],"class_list":{"0":"post-5996","1":"post","2":"type-post","3":"status-publish","4":"format-standard","5":"has-post-thumbnail","7":"category-sonora"},"_links":{"self":[{"href":"https:\/\/www.regioncuatronoticias.com\/index.php\/wp-json\/wp\/v2\/posts\/5996","targetHints":{"allow":["GET"]}}],"collection":[{"href":"https:\/\/www.regioncuatronoticias.com\/index.php\/wp-json\/wp\/v2\/posts"}],"about":[{"href":"https:\/\/www.regioncuatronoticias.com\/index.php\/wp-json\/wp\/v2\/types\/post"}],"author":[{"embeddable":true,"href":"https:\/\/www.regioncuatronoticias.com\/index.php\/wp-json\/wp\/v2\/users\/1"}],"replies":[{"embeddable":true,"href":"https:\/\/www.regioncuatronoticias.com\/index.php\/wp-json\/wp\/v2\/comments?post=5996"}],"version-history":[{"count":1,"href":"https:\/\/www.regioncuatronoticias.com\/index.php\/wp-json\/wp\/v2\/posts\/5996\/revisions"}],"predecessor-version":[{"id":5998,"href":"https:\/\/www.regioncuatronoticias.com\/index.php\/wp-json\/wp\/v2\/posts\/5996\/revisions\/5998"}],"wp:featuredmedia":[{"embeddable":true,"href":"https:\/\/www.regioncuatronoticias.com\/index.php\/wp-json\/wp\/v2\/media\/5997"}],"wp:attachment":[{"href":"https:\/\/www.regioncuatronoticias.com\/index.php\/wp-json\/wp\/v2\/media?parent=5996"}],"wp:term":[{"taxonomy":"category","embeddable":true,"href":"https:\/\/www.regioncuatronoticias.com\/index.php\/wp-json\/wp\/v2\/categories?post=5996"},{"taxonomy":"post_tag","embeddable":true,"href":"https:\/\/www.regioncuatronoticias.com\/index.php\/wp-json\/wp\/v2\/tags?post=5996"}],"curies":[{"name":"wp","href":"https:\/\/api.w.org\/{rel}","templated":true}]}}