{"id":5944,"date":"2024-02-22T21:57:13","date_gmt":"2024-02-23T04:57:13","guid":{"rendered":"https:\/\/www.regioncuatronoticias.com\/?p=5944"},"modified":"2024-02-22T21:57:15","modified_gmt":"2024-02-23T04:57:15","slug":"la-vida-es-una-tombola","status":"publish","type":"post","link":"https:\/\/www.regioncuatronoticias.com\/index.php\/2024\/02\/22\/la-vida-es-una-tombola\/","title":{"rendered":"La vida es una t\u00f3mbola"},"content":{"rendered":"\n<p><strong>Columna Encuadre<\/strong><\/p>\n\n\n\n<p><strong>Jos\u00e9 F. Medina<\/strong><\/p>\n\n\n\n<p><strong>La vida es una t\u00f3mbola<\/strong><\/p>\n\n\n\n<p><strong>Jueves 22 de febrero de 2024<\/strong><\/p>\n\n\n\n<p>Una mala pasada del sistema cibern\u00e9tico de FMInformativo.com, impidi\u00f3 el env\u00edo tempranero de estos p\u00e1rrafos. Ofrezco disculpas para mis tres o cuatro fieles lectores.<\/p>\n\n\n\n<p>Pero como siempre he dicho, todas las cosas suceden por algo. Me explico: hasta muy entrada la noche, al momento de redactar esta columna, uno de mis temas a comentar hab\u00eda sido la implementaci\u00f3n de la famosa t\u00f3mbola utilizada por Morena para designar a sus diputados y senadores plurinominales (un regalo de los partidos a sus militantes por m\u00e9ritos en campa\u00f1a\u2026 o en la grilla).<\/p>\n\n\n\n<p>Al margen de los contratiempos surgidos durante este sorteo, y que causaron algunas \u201ccejas levantadas\u201d, Mario Delgado y su equipo logr\u00f3 salir adelante. Ah\u00ed resultaron sorteados Jes\u00fas Ram\u00edrez Cuevas, actual vocero presidencial, para una diputaci\u00f3n federal \u201cpluri\u201d; el caricaturista Rafael Barajas \u201cEl Fisg\u00f3n\u201d y la actriz Jesusa Rodr\u00edguez, afines al presidente L\u00f3pez Obrador, para una Senadur\u00eda. El nombre de Jos\u00e9 Ramiro L\u00f3pez Obrador tambi\u00e9n surgi\u00f3 por el mismo m\u00e9todo, pero \u00e9ste para diputado federal.<\/p>\n\n\n\n<p>Pero como la \u201cvida es una t\u00f3mbola, tom tom, t\u00f3oombola\u201d, gir\u00f3 intempestivamente, y resulta que estos nombres ya fueron borrados de la lista que Morena inscribir\u00e1 en breve ante el INE.<\/p>\n\n\n\n<p>Pero, como ya sabemos que la vida es una t\u00f3mbola, gir\u00f3 de nuevo y aparecieron nombres como Ad\u00e1n Augusto L\u00f3pez, Marcelo Ebrard y el petista Gerardo Fern\u00e1ndez Noro\u00f1a, como los \u201cbuenos\u201d para la Senadur\u00eda \u201cpluri\u201d. Si mal no recuerdo, era una promesa de campa\u00f1a interna a la presidencia de la Rep\u00fablica: los perdedores ser\u00edan Senadores. A qui\u00e9n se le olvidar\u00eda este peque\u00f1o detalle?.<\/p>\n\n\n\n<p>Por lo dem\u00e1s, en esta lista tambi\u00e9n van como diputados \u201cpluris\u201d algunos nombres muy conocidos en Sonora como el expanista Manuel Espino Barrientos, Napol\u00e9on G\u00f3mez Urrutia y Sergio Guti\u00e9rrez Luna. Estos dos \u00faltimos, como Tarz\u00e1n, de liana en liana. Ah, tambi\u00e9n se \u201ccol\u00f3\u201d Cuauht\u00e9moc Blanco, glorioso futbolista y non grato (para muchos) gobernador de Morelos.<\/p>\n\n\n\n<p>Lo dicho: complicad\u00edsimo el proceso interno de Morena y aliados a nivel federal. A nivel local, lo mismo.<\/p>\n\n\n\n<p>Y a prop\u00f3sito de complicaciones, un tema que puede impactar negativamente en la percepci\u00f3n ciudadana para el partido en el poder, en plena \u00e9poca electoral, son los fuertes se\u00f1alamientos de la Auditor\u00eda Superior de la Federaci\u00f3n (ASF) para varias dependencias por presunto mal manejo de los recursos p\u00fablicos.<\/p>\n\n\n\n<p>Ah\u00ed est\u00e1n los casos de la Comisi\u00f3n Nacional del Deporte, que (mal) dirige nuestra Ana Gabriela Guevara, y por lo que la ASF ya present\u00f3 dos denuncias ante la Fiscal\u00eda General de la Rep\u00fablica por un probable quebranto por 280 millones de pesos. No es la primera vez que la Conade se ve envuelta en este tipo de se\u00f1alamientos, am\u00e9n de las quejas de deportistas por falta de apoyo. El ejemplo m\u00e1s notorio fue la del equipo de Nataci\u00f3n Art\u00edstica el a\u00f1o pasado.<\/p>\n\n\n\n<p>Tambi\u00e9n, bajo la lupa de la ASF se encuentra el Instituto Nacional de Migraci\u00f3n, porque, dicen, convirti\u00f3 los centros de detenci\u00f3n migratoria en un negocio millonario para al menos tres empresas, a las cuales entreg\u00f3 contratos por adjudicaci\u00f3n directa, de manera irregular y con diversas anomal\u00edas en los servicios.<\/p>\n\n\n\n<p>As\u00ed, el INM adjudic\u00f3 directamente 545 millones 532 mil pesos a una empresa de once trabajadores para instalar \u201calbergues y puntos de revisi\u00f3n migratoria\u201d en el pa\u00eds, en un proceso de contrataci\u00f3n lleno de irregularidades.<\/p>\n\n\n\n<p>Y una muestra m\u00e1s: en la revisi\u00f3n de la Cuenta P\u00fablica 2022, la misma ASF detect\u00f3 posibles da\u00f1os al erario por 785 millones de pesos en las obras del Tren Maya, uno de los proyectos emblem\u00e1ticos del presidente L\u00f3pez Obrador.<\/p>\n\n\n\n<p>Seg\u00fan dan cuenta, la ASF realiz\u00f3 12 auditor\u00edas al proyecto ferroviario, cuyos resultados fueron entregados este martes pasado a la C\u00e1mara de Diputados como parte del tercer y \u00faltimo informe de la fiscalizaci\u00f3n del gasto del cuarto a\u00f1o de gobierno de la presente administraci\u00f3n federal.<\/p>\n\n\n\n<p>Seg\u00fan nota period\u00edstica publicada en La Jornada, las anomal\u00edas encontradas por los auditores incluyen pagos en exceso o indebidos a proveedores y empresas constructoras, erogaciones por trabajos innecesarios o de calidad deficiente, pago de intereses, deficiencias en la planeaci\u00f3n de los trabajos en distintos puntos de las obras, as\u00ed como la adquisici\u00f3n de un predio de 295 mil metros cuadrados para derecho de v\u00eda que no ser\u00e1 utilizado, entre otras.<\/p>\n\n\n\n<p>Sin duda, el s\u00e9ptimo a\u00f1o, para el cual normalmente no se preparan los gobernantes, ser\u00e1 de muchos sobresaltos. Aunque todo depender\u00e1 de qui\u00e9n gane \u201cla grande\u201d. Ya veremos.<\/p>\n\n\n\n<p>IN PROXIMUM<\/p>\n\n\n\n<p><strong>Me puede seguir tambi\u00e9n en FB: Jos\u00e9 Felipe Medina<\/strong><\/p>\n\n\n\n<p><strong>En X (antes Twitter): @josefe31<\/strong><\/p>\n\n\n\n<p><strong>Correo Electr\u00f3nico: josefe31@hotmail.com<\/strong><\/p>\n\n\n\n<p><strong>FMINFORMATIVO.COM<\/strong><\/p>\n","protected":false},"excerpt":{"rendered":"<p>Columna Encuadre Jos\u00e9 F. Medina La vida es una t\u00f3mbola Jueves 22 de febrero de 2024 Una mala pasada del sistema cibern\u00e9tico de FMInformativo.com, impidi\u00f3 el env\u00edo tempranero de estos p\u00e1rrafos. Ofrezco disculpas para mis tres o cuatro fieles lectores. Pero como siempre he dicho, todas las cosas suceden por algo. Me explico: hasta muy [&hellip;]<\/p>\n","protected":false},"author":1,"featured_media":0,"comment_status":"open","ping_status":"open","sticky":false,"template":"","format":"standard","meta":{"content-type":"","footnotes":""},"categories":[122],"tags":[],"class_list":{"0":"post-5944","1":"post","2":"type-post","3":"status-publish","4":"format-standard","6":"category-jose-felipe-medina"},"_links":{"self":[{"href":"https:\/\/www.regioncuatronoticias.com\/index.php\/wp-json\/wp\/v2\/posts\/5944","targetHints":{"allow":["GET"]}}],"collection":[{"href":"https:\/\/www.regioncuatronoticias.com\/index.php\/wp-json\/wp\/v2\/posts"}],"about":[{"href":"https:\/\/www.regioncuatronoticias.com\/index.php\/wp-json\/wp\/v2\/types\/post"}],"author":[{"embeddable":true,"href":"https:\/\/www.regioncuatronoticias.com\/index.php\/wp-json\/wp\/v2\/users\/1"}],"replies":[{"embeddable":true,"href":"https:\/\/www.regioncuatronoticias.com\/index.php\/wp-json\/wp\/v2\/comments?post=5944"}],"version-history":[{"count":1,"href":"https:\/\/www.regioncuatronoticias.com\/index.php\/wp-json\/wp\/v2\/posts\/5944\/revisions"}],"predecessor-version":[{"id":5945,"href":"https:\/\/www.regioncuatronoticias.com\/index.php\/wp-json\/wp\/v2\/posts\/5944\/revisions\/5945"}],"wp:attachment":[{"href":"https:\/\/www.regioncuatronoticias.com\/index.php\/wp-json\/wp\/v2\/media?parent=5944"}],"wp:term":[{"taxonomy":"category","embeddable":true,"href":"https:\/\/www.regioncuatronoticias.com\/index.php\/wp-json\/wp\/v2\/categories?post=5944"},{"taxonomy":"post_tag","embeddable":true,"href":"https:\/\/www.regioncuatronoticias.com\/index.php\/wp-json\/wp\/v2\/tags?post=5944"}],"curies":[{"name":"wp","href":"https:\/\/api.w.org\/{rel}","templated":true}]}}