{"id":5933,"date":"2024-02-22T18:53:51","date_gmt":"2024-02-23T01:53:51","guid":{"rendered":"https:\/\/www.regioncuatronoticias.com\/?p=5933"},"modified":"2024-02-22T18:53:52","modified_gmt":"2024-02-23T01:53:52","slug":"el-ayuntamiento-de-hermosillo-repondra-con-especies-nativas-los-arboles-afectados-en-camellon-del-bulevar-rodriguez","status":"publish","type":"post","link":"https:\/\/www.regioncuatronoticias.com\/index.php\/2024\/02\/22\/el-ayuntamiento-de-hermosillo-repondra-con-especies-nativas-los-arboles-afectados-en-camellon-del-bulevar-rodriguez\/","title":{"rendered":"El Ayuntamiento de Hermosillo repondr\u00e1 con especies nativas los \u00e1rboles afectados en camell\u00f3n del bulevar Rodr\u00edguez"},"content":{"rendered":"\n<p>Sustituir\u00e1n ocho \u00e1rboles ficus, tambi\u00e9n conocidos como yucatecos, que cumplieron con su vida y sufren afectaciones, adem\u00e1s de realizar acciones complementarias de vegetaci\u00f3n en maceteras, incluyendo nuevos sistema de riego<\/p>\n\n\n\n<p><strong>Hermosillo, Sonora; 22 de febrero, 2024.-<\/strong>&nbsp;El Ayuntamiento de Hermosillo dise\u00f1\u00f3 un proyecto de rehabilitaci\u00f3n del bulevar Rodr\u00edguez, mediante el cual se plantar\u00e1n 26 \u00e1rboles de especies de la regi\u00f3n, ocho de los cuales ser\u00e1n reposiciones de algunos que ya tienen una afectaci\u00f3n avanzada en su salud.<\/p>\n\n\n\n<p>Jos\u00e9 Carrillo Atondo, director del Instituto Municipal de Planeaci\u00f3n Urbana (IMPLAN) y la directora de Parques y Jardines, Amparo Fontanot Ochoa, coment\u00f3 que hace alrededor de 75 a\u00f1os llegaron a la ciudad, provenientes de la pen\u00ednsula de Yucat\u00e1n, estos \u00e1rboles que com\u00fanmente se llaman yucatecos por su origen, pero en realidad son una variedad de ficus, que los \u00faltimos a\u00f1os empezaron a tener algunos problemas por la edad y han&nbsp; llegado al t\u00e9rmino de su ciclo de vida, algunos han fallecido y se han tenido que retirar.<\/p>\n\n\n\n<p>Carrillo Atondo dijo que un ficus consume 250 mil litros de agua al a\u00f1o y una especie nativa consume 20 mil en ese lapso, menos del 10 por ciento, por lo que han trabajado con varios grupos ambientalistas y se decidi\u00f3 plantar \u00e1rboles que den la misma imagen que los yucatecos, pero que sean nativos y con una variedad de color, como el palo verde.<\/p>\n\n\n\n<p>\u201cSon 26 \u00e1rboles los que se van a sembrar, de los cuales 8 son reposiciones de los que se han ido retirando y el resto son especies que se van a poner en espacios que quedan disponibles; y que eso nos va a ayudar a tener una cobertura mayor del bulevar en cu\u00e1nto a vegetaci\u00f3n\u201d, abund\u00f3.<\/p>\n\n\n\n<p>Destac\u00f3 que estos \u00e1rboles hist\u00f3ricamente han sido la imagen de este bulevar son tan nobles que todav\u00eda nos van a prestar un servicio adicional, debido a que ser\u00e1n triturados y vamos a convertirlos en mulch, que es la materia triturada que se coloca en el suelo de los camellones para dar vista, para mantener estables los suelos y recaptar la humedad.<\/p>\n\n\n\n<p>El trabajo es en conjunto con Parques y Jardines, dependencia que har\u00e1 el retiro de estas especies con avanzada afectaci\u00f3n y se har\u00e1 un contrato para que una empresa especializada haga la reposici\u00f3n con \u00e1rboles grandes de 4 a\u00f1os de vida, de aproximadamente 4 metros de altura y los dem\u00e1s ser\u00e1n de 2 a\u00f1os de vida.<\/p>\n\n\n\n<p>Adem\u00e1s se instalar\u00e1 un sistema de riego inteligente que ayudar\u00e1 a optimizar agua; y se atender\u00e1n 12 jardineras con arbustos y flores, todo con una inversi\u00f3n de un mill\u00f3n de pesos.<\/p>\n\n\n\n<p>La directora de Parques y Jardines, Amparo Fontanot Ochoa, comparti\u00f3 que una empresa especializada tendr\u00e1 el cuidado por seis meses, para asegurarse que los \u00e1rboles y plantas se estabilicen totalmente.<\/p>\n\n\n\n<p>\u201cVamos a tener que cerrar un carril (del bulevar Rodr\u00edguez) de cada lado por etapas, por lo que pedimos el apoyo de la ciudadan\u00eda para poder obtener muy bonito resultado\u201d, agreg\u00f3 Fontanot Ochoa.<\/p>\n","protected":false},"excerpt":{"rendered":"<p>Sustituir\u00e1n ocho \u00e1rboles ficus, tambi\u00e9n conocidos como yucatecos, que cumplieron con su vida y sufren afectaciones, adem\u00e1s de realizar acciones complementarias de vegetaci\u00f3n en maceteras, incluyendo nuevos sistema de riego Hermosillo, Sonora; 22 de febrero, 2024.-&nbsp;El Ayuntamiento de Hermosillo dise\u00f1\u00f3 un proyecto de rehabilitaci\u00f3n del bulevar Rodr\u00edguez, mediante el cual se plantar\u00e1n 26 \u00e1rboles de [&hellip;]<\/p>\n","protected":false},"author":1,"featured_media":5934,"comment_status":"open","ping_status":"open","sticky":false,"template":"","format":"standard","meta":{"content-type":"","footnotes":""},"categories":[8],"tags":[],"class_list":{"0":"post-5933","1":"post","2":"type-post","3":"status-publish","4":"format-standard","5":"has-post-thumbnail","7":"category-hermosillo"},"_links":{"self":[{"href":"https:\/\/www.regioncuatronoticias.com\/index.php\/wp-json\/wp\/v2\/posts\/5933","targetHints":{"allow":["GET"]}}],"collection":[{"href":"https:\/\/www.regioncuatronoticias.com\/index.php\/wp-json\/wp\/v2\/posts"}],"about":[{"href":"https:\/\/www.regioncuatronoticias.com\/index.php\/wp-json\/wp\/v2\/types\/post"}],"author":[{"embeddable":true,"href":"https:\/\/www.regioncuatronoticias.com\/index.php\/wp-json\/wp\/v2\/users\/1"}],"replies":[{"embeddable":true,"href":"https:\/\/www.regioncuatronoticias.com\/index.php\/wp-json\/wp\/v2\/comments?post=5933"}],"version-history":[{"count":1,"href":"https:\/\/www.regioncuatronoticias.com\/index.php\/wp-json\/wp\/v2\/posts\/5933\/revisions"}],"predecessor-version":[{"id":5935,"href":"https:\/\/www.regioncuatronoticias.com\/index.php\/wp-json\/wp\/v2\/posts\/5933\/revisions\/5935"}],"wp:featuredmedia":[{"embeddable":true,"href":"https:\/\/www.regioncuatronoticias.com\/index.php\/wp-json\/wp\/v2\/media\/5934"}],"wp:attachment":[{"href":"https:\/\/www.regioncuatronoticias.com\/index.php\/wp-json\/wp\/v2\/media?parent=5933"}],"wp:term":[{"taxonomy":"category","embeddable":true,"href":"https:\/\/www.regioncuatronoticias.com\/index.php\/wp-json\/wp\/v2\/categories?post=5933"},{"taxonomy":"post_tag","embeddable":true,"href":"https:\/\/www.regioncuatronoticias.com\/index.php\/wp-json\/wp\/v2\/tags?post=5933"}],"curies":[{"name":"wp","href":"https:\/\/api.w.org\/{rel}","templated":true}]}}