{"id":5808,"date":"2024-02-21T18:01:41","date_gmt":"2024-02-22T01:01:41","guid":{"rendered":"https:\/\/www.regioncuatronoticias.com\/?p=5808"},"modified":"2024-02-21T18:01:43","modified_gmt":"2024-02-22T01:01:43","slug":"proponen-crear-el-parlamento-para-la-gestion-integral-del-agua","status":"publish","type":"post","link":"https:\/\/www.regioncuatronoticias.com\/index.php\/2024\/02\/21\/proponen-crear-el-parlamento-para-la-gestion-integral-del-agua\/","title":{"rendered":"Proponen crear el Parlamento para la Gesti\u00f3n Integral del Agua"},"content":{"rendered":"\n<p>Para mantener las condiciones de producci\u00f3n y de consumo, el diputado de Movimiento Ciudadano en el Congreso del Estado, Jorge Russo Salido, propuso el Parlamento para la Gesti\u00f3n Integral del Agua para el Estado de Sonora.<\/p>\n\n\n\n<p>El legislador manifest\u00f3 la necesidad de crear pol\u00edticas p\u00fablicas y leyes para proteger el agua y garantizarla para su uso y consumo en los pr\u00f3ximos a\u00f1os, especialmente en la entidad, al ser una regi\u00f3n des\u00e9rtica.<\/p>\n\n\n\n<p>Cada a\u00f1o, previo al D\u00eda Internacional del Agua el 22 de marzo, el Congreso del Estado convocar\u00e1 y celebrar\u00e1 el Parlamento para la Gesti\u00f3n Integral del Agua para el Estado de Sonora, cuyo objeto ser\u00e1 debatir, revisar, promover e integrar una agenda legislativa.<\/p>\n\n\n\n<p>\u201cY tambi\u00e9n es un mensaje muy claro a todas las instituciones, personas, colegios, c\u00e1maras, necesitan o quieran tener una plataforma de la cual participar y decir lo que tienen que decir al respecto de lo que es el tema h\u00eddrico en Sonora, usando para ello la voz de todos nosotros\u201d, explic\u00f3.<\/p>\n\n\n\n<p>La propuesta se aprob\u00f3 por unanimidad y se mandar\u00e1 a su publicaci\u00f3n para que ente en vigor.<\/p>\n","protected":false},"excerpt":{"rendered":"<p>Para mantener las condiciones de producci\u00f3n y de consumo, el diputado de Movimiento Ciudadano en el Congreso del Estado, Jorge Russo Salido, propuso el Parlamento para la Gesti\u00f3n Integral del Agua para el Estado de Sonora. El legislador manifest\u00f3 la necesidad de crear pol\u00edticas p\u00fablicas y leyes para proteger el agua y garantizarla para su [&hellip;]<\/p>\n","protected":false},"author":1,"featured_media":5809,"comment_status":"open","ping_status":"open","sticky":false,"template":"","format":"standard","meta":{"content-type":"","footnotes":""},"categories":[119],"tags":[],"class_list":{"0":"post-5808","1":"post","2":"type-post","3":"status-publish","4":"format-standard","5":"has-post-thumbnail","7":"category-congreso"},"_links":{"self":[{"href":"https:\/\/www.regioncuatronoticias.com\/index.php\/wp-json\/wp\/v2\/posts\/5808","targetHints":{"allow":["GET"]}}],"collection":[{"href":"https:\/\/www.regioncuatronoticias.com\/index.php\/wp-json\/wp\/v2\/posts"}],"about":[{"href":"https:\/\/www.regioncuatronoticias.com\/index.php\/wp-json\/wp\/v2\/types\/post"}],"author":[{"embeddable":true,"href":"https:\/\/www.regioncuatronoticias.com\/index.php\/wp-json\/wp\/v2\/users\/1"}],"replies":[{"embeddable":true,"href":"https:\/\/www.regioncuatronoticias.com\/index.php\/wp-json\/wp\/v2\/comments?post=5808"}],"version-history":[{"count":1,"href":"https:\/\/www.regioncuatronoticias.com\/index.php\/wp-json\/wp\/v2\/posts\/5808\/revisions"}],"predecessor-version":[{"id":5810,"href":"https:\/\/www.regioncuatronoticias.com\/index.php\/wp-json\/wp\/v2\/posts\/5808\/revisions\/5810"}],"wp:featuredmedia":[{"embeddable":true,"href":"https:\/\/www.regioncuatronoticias.com\/index.php\/wp-json\/wp\/v2\/media\/5809"}],"wp:attachment":[{"href":"https:\/\/www.regioncuatronoticias.com\/index.php\/wp-json\/wp\/v2\/media?parent=5808"}],"wp:term":[{"taxonomy":"category","embeddable":true,"href":"https:\/\/www.regioncuatronoticias.com\/index.php\/wp-json\/wp\/v2\/categories?post=5808"},{"taxonomy":"post_tag","embeddable":true,"href":"https:\/\/www.regioncuatronoticias.com\/index.php\/wp-json\/wp\/v2\/tags?post=5808"}],"curies":[{"name":"wp","href":"https:\/\/api.w.org\/{rel}","templated":true}]}}