{"id":5779,"date":"2024-02-21T17:48:54","date_gmt":"2024-02-22T00:48:54","guid":{"rendered":"https:\/\/www.regioncuatronoticias.com\/?p=5779"},"modified":"2024-02-21T17:48:55","modified_gmt":"2024-02-22T00:48:55","slug":"canada-y-nueva-zelanda-apuntan-a-ser-los-rivales-de-mexico-en-septiembre","status":"publish","type":"post","link":"https:\/\/www.regioncuatronoticias.com\/index.php\/2024\/02\/21\/canada-y-nueva-zelanda-apuntan-a-ser-los-rivales-de-mexico-en-septiembre\/","title":{"rendered":"CANAD\u00c1 Y NUEVA ZELANDA APUNTAN A SER LOS RIVALES DE M\u00c9XICO EN SEPTIEMBRE"},"content":{"rendered":"\n<p>La Federaci\u00f3n Mexicana de Futbol sigue trabajando para que, ahora que M\u00e9xico no juega las eliminatorias de cara a la Copa del Mundo, el Tricolor pueda tener &#8216;agenda llena&#8217; durante las fechas FIFA y la FMF ya apunta a los partidos del pr\u00f3ximo mes de septiembre.<\/p>\n\n\n\n<p>De acuerdo a la informaci\u00f3n de Gibr\u00e1n Araige, de TUDN, la FEMEXFUT comienza a analizar rivales para los pr\u00f3ximos encuentros del Tri y son dos viejos conocidos de la Selecci\u00f3n Mexicana de Futbol, a quienes ya han enfrentado en repetidas ocasiones.<\/p>\n\n\n\n<p>El primero de ellos es un coorganizador del pr\u00f3ximo Mundial, Canad\u00e1, y el segundo ser\u00eda ante Nueva Zelanda, selecci\u00f3n a la que M\u00e9xico se enfrent\u00f3 en Ida y Vuelta para buscar el pase al Mundial de Brasil 2014.<\/p>\n\n\n\n<p>A pesar de ser rivales muy cercanos a cerrarse, la operaci\u00f3n no est\u00e1 concluida, por lo que de aqu\u00ed a que se anuncien los partidos de M\u00e9xico para el pr\u00f3ximo mes de septiembre, los rivales podr\u00edan ser distintos.<\/p>\n\n\n\n<p>Recordemos que la cancha del Estadio Azteca est\u00e1 siendo remodelada, para septiembre Am\u00e9rica ya no jugar\u00e1 en &#8216;El Coloso de Santa \u00darsula&#8217; y se buscar\u00eda jugar en el Alfonso Lastras de San Luis Potos\u00ed o en alguna de las m\u00faltiples sedes en Estados Unidos.<\/p>\n","protected":false},"excerpt":{"rendered":"<p>La Federaci\u00f3n Mexicana de Futbol sigue trabajando para que, ahora que M\u00e9xico no juega las eliminatorias de cara a la Copa del Mundo, el Tricolor pueda tener &#8216;agenda llena&#8217; durante las fechas FIFA y la FMF ya apunta a los partidos del pr\u00f3ximo mes de septiembre. De acuerdo a la informaci\u00f3n de Gibr\u00e1n Araige, de [&hellip;]<\/p>\n","protected":false},"author":1,"featured_media":5790,"comment_status":"open","ping_status":"open","sticky":false,"template":"","format":"standard","meta":{"content-type":"","footnotes":""},"categories":[5],"tags":[],"class_list":{"0":"post-5779","1":"post","2":"type-post","3":"status-publish","4":"format-standard","5":"has-post-thumbnail","7":"category-deportes"},"_links":{"self":[{"href":"https:\/\/www.regioncuatronoticias.com\/index.php\/wp-json\/wp\/v2\/posts\/5779","targetHints":{"allow":["GET"]}}],"collection":[{"href":"https:\/\/www.regioncuatronoticias.com\/index.php\/wp-json\/wp\/v2\/posts"}],"about":[{"href":"https:\/\/www.regioncuatronoticias.com\/index.php\/wp-json\/wp\/v2\/types\/post"}],"author":[{"embeddable":true,"href":"https:\/\/www.regioncuatronoticias.com\/index.php\/wp-json\/wp\/v2\/users\/1"}],"replies":[{"embeddable":true,"href":"https:\/\/www.regioncuatronoticias.com\/index.php\/wp-json\/wp\/v2\/comments?post=5779"}],"version-history":[{"count":1,"href":"https:\/\/www.regioncuatronoticias.com\/index.php\/wp-json\/wp\/v2\/posts\/5779\/revisions"}],"predecessor-version":[{"id":5791,"href":"https:\/\/www.regioncuatronoticias.com\/index.php\/wp-json\/wp\/v2\/posts\/5779\/revisions\/5791"}],"wp:featuredmedia":[{"embeddable":true,"href":"https:\/\/www.regioncuatronoticias.com\/index.php\/wp-json\/wp\/v2\/media\/5790"}],"wp:attachment":[{"href":"https:\/\/www.regioncuatronoticias.com\/index.php\/wp-json\/wp\/v2\/media?parent=5779"}],"wp:term":[{"taxonomy":"category","embeddable":true,"href":"https:\/\/www.regioncuatronoticias.com\/index.php\/wp-json\/wp\/v2\/categories?post=5779"},{"taxonomy":"post_tag","embeddable":true,"href":"https:\/\/www.regioncuatronoticias.com\/index.php\/wp-json\/wp\/v2\/tags?post=5779"}],"curies":[{"name":"wp","href":"https:\/\/api.w.org\/{rel}","templated":true}]}}