{"id":5748,"date":"2024-02-20T21:36:31","date_gmt":"2024-02-21T04:36:31","guid":{"rendered":"https:\/\/www.regioncuatronoticias.com\/?p=5748"},"modified":"2024-02-20T21:36:33","modified_gmt":"2024-02-21T04:36:33","slug":"alejandra-del-moral-se-bajo-de-la-contienda-por-una-diputacion-con-el-pri","status":"publish","type":"post","link":"https:\/\/www.regioncuatronoticias.com\/index.php\/2024\/02\/20\/alejandra-del-moral-se-bajo-de-la-contienda-por-una-diputacion-con-el-pri\/","title":{"rendered":"Alejandra del Moral &#8220;se baj\u00f3&#8221; de la contienda por una diputaci\u00f3n con el PRI"},"content":{"rendered":"\n<p>-Por medio de una carta dirigida a Alito Moreno, la excandidata a la gubernatura del Edomex detall\u00f3 las razones por las que no competir\u00e1 en los pr\u00f3ximos comicios<\/p>\n\n\n\n<p>Tomado de Infobae<\/p>\n\n\n\n<p>Ximena Ochoa<\/p>\n\n\n\n<p>Febrero 20 de 2024<\/p>\n\n\n\n<p>La excandidata a la gubernatura del Estado de M\u00e9xico, Alejandra del Moral Vela, anunci\u00f3 que no buscar\u00e1 una curul en la C\u00e1mara de Diputados con el Partido Revolucionario Institucional (PRI) para as\u00ed darle paso a la juventud, especialmente mujeres, del Estado de M\u00e9xico para que participe en las elecciones del pr\u00f3ximo domingo 2 de junio.<\/p>\n\n\n\n<p>Por medio de una carta dirigida al presidente nacional del tricolor, Alejandro Alito Moreno C\u00e1rdenas, la pol\u00edtica mexiquense reconoci\u00f3 los valores que ha aprehendido en su m\u00e1s de 20 a\u00f1os como militante del instituto pol\u00edtico, adem\u00e1s de que reconoci\u00f3 de la fuerza pol\u00edtica de su entidad al interior del partido.<\/p>\n\n\n\n<p>\u201cHa sido su base militante la que no titubea, que no se achica, que no TRAICIONA, que est\u00e1 en las buenas y en las malas, con la que yo he caminado de la mano durante m\u00e1s de 20 a\u00f1os y con la que juntos logramos m\u00e1s de 1.7 &nbsp;millones de votos en la pasada contienda. Votos que hoy representan el 20% de la votaci\u00f3n nacional que el PRI tiene en todo el pa\u00eds\u201d, refiri\u00f3 en el texto enviado el martes 20 de febrero.<\/p>\n\n\n\n<p>Asimismo, sentenci\u00f3 que, desde su perspectiva, los priistas son \u201cde una sola pieza\u201d y que tienen profundas las convicciones, as\u00ed como los ideales, por lo que indic\u00f3 que tom\u00f3 la decisi\u00f3n de no participar en el proceso electoral y darle paso a las nuevas cuadros priistas, debido a que as\u00ed fue como inici\u00f3 su carrera pol\u00edtica.<\/p>\n\n\n\n<p>\u201cHe decidido no participar en el proceso electoral y abrir la posibilidad a que una mujer joven, mexiquense y militante tenga la oportunidad de participar en mi lugar. Fue precisamente as\u00ed, con una oportunidad, como yo inici\u00e9 mi vida pol\u00edtica\u201d<\/p>\n\n\n\n<p>Para profundizar en sus razones, la priista dedic\u00f3 un mensaje -en tono &nbsp;personal- a Moreno C\u00e1rdenas donde dej\u00f3 en claro su profundo compromiso con las causas que representa el partido que se fund\u00f3 en 1929, adem\u00e1s de que argument\u00f3 su conocimiento de trabajar por M\u00e9xico desde distintas latitudes.<\/p>\n\n\n\n<p>Ante esto y ante cualquier duda sobre el porqu\u00e9 de su decisi\u00f3n, Del Moral Vela indic\u00f3 que su principal raz\u00f3n para desistir en la carrera electoral es porque pretende dedicarse completamente a su familia, especialmente a sus hijos peque\u00f1os; sin embargo, refiri\u00f3 que su compromiso con el partido no concluye con dicha carta.<\/p>\n\n\n\n<p>Sin embargo, tambi\u00e9n recalc\u00f3 el valor que tiene el Revolucionario Institucional en la historia del pa\u00eds, por lo que dej\u00f3 en claro que el desarrollo del pa\u00eds va m\u00e1s all\u00e1 de personalidades o egos: \u201cEl PRI es un partido fuerte. Est\u00e1 m\u00e1s all\u00e1 de personalidades, de circunstancias, de la soberbia y baches electorales. En el PRI no caben ni la traici\u00f3n ni el chantaje\u201d.<\/p>\n\n\n\n<p>Finalmente, expres\u00f3 que \u201clo cort\u00e9s no quita lo valiente\u201d y que ella lo ha demostrado durante toda su carrera; no obstante, pidi\u00f3 reconocer que la militancia mexiquense se ha caracterizado por no ser improvisados, al contrario son pol\u00edticos profesionales que siempre han aportado al sistema pol\u00edtico mexicano mediante la organizaci\u00f3n.<\/p>\n\n\n\n<p>\u201cTenga la certeza que mi voto y mi apoyo activo ser\u00e1 siempre para los candidatos de la Alianza Fuerza y Coraz\u00f3n por M\u00e9xico\u201d<\/p>\n\n\n\n<p>Conviene recordar que la exalcadesa mexiquense era parte de la lista plurinominal del PRI para la quinta circunscripci\u00f3n en la C\u00e1mara de Diputados.<\/p>\n\n\n\n<figure class=\"wp-block-embed\"><div class=\"wp-block-embed__wrapper\">\nhttps:\/\/www.infobae.com\/mexico\/2024\/02\/20\/alejandra-del-moral-se-bajo-por-la-contienda-de-una-diputacion-con-el-pri\/\n<\/div><\/figure>\n","protected":false},"excerpt":{"rendered":"<p>-Por medio de una carta dirigida a Alito Moreno, la excandidata a la gubernatura del Edomex detall\u00f3 las razones por las que no competir\u00e1 en los pr\u00f3ximos comicios Tomado de Infobae Ximena Ochoa Febrero 20 de 2024 La excandidata a la gubernatura del Estado de M\u00e9xico, Alejandra del Moral Vela, anunci\u00f3 que no buscar\u00e1 una [&hellip;]<\/p>\n","protected":false},"author":1,"featured_media":5749,"comment_status":"open","ping_status":"open","sticky":false,"template":"","format":"standard","meta":{"content-type":"","footnotes":""},"categories":[117,3,115],"tags":[],"class_list":{"0":"post-5748","1":"post","2":"type-post","3":"status-publish","4":"format-standard","5":"has-post-thumbnail","7":"category-general","8":"category-mexico","9":"category-politica"},"_links":{"self":[{"href":"https:\/\/www.regioncuatronoticias.com\/index.php\/wp-json\/wp\/v2\/posts\/5748","targetHints":{"allow":["GET"]}}],"collection":[{"href":"https:\/\/www.regioncuatronoticias.com\/index.php\/wp-json\/wp\/v2\/posts"}],"about":[{"href":"https:\/\/www.regioncuatronoticias.com\/index.php\/wp-json\/wp\/v2\/types\/post"}],"author":[{"embeddable":true,"href":"https:\/\/www.regioncuatronoticias.com\/index.php\/wp-json\/wp\/v2\/users\/1"}],"replies":[{"embeddable":true,"href":"https:\/\/www.regioncuatronoticias.com\/index.php\/wp-json\/wp\/v2\/comments?post=5748"}],"version-history":[{"count":1,"href":"https:\/\/www.regioncuatronoticias.com\/index.php\/wp-json\/wp\/v2\/posts\/5748\/revisions"}],"predecessor-version":[{"id":5750,"href":"https:\/\/www.regioncuatronoticias.com\/index.php\/wp-json\/wp\/v2\/posts\/5748\/revisions\/5750"}],"wp:featuredmedia":[{"embeddable":true,"href":"https:\/\/www.regioncuatronoticias.com\/index.php\/wp-json\/wp\/v2\/media\/5749"}],"wp:attachment":[{"href":"https:\/\/www.regioncuatronoticias.com\/index.php\/wp-json\/wp\/v2\/media?parent=5748"}],"wp:term":[{"taxonomy":"category","embeddable":true,"href":"https:\/\/www.regioncuatronoticias.com\/index.php\/wp-json\/wp\/v2\/categories?post=5748"},{"taxonomy":"post_tag","embeddable":true,"href":"https:\/\/www.regioncuatronoticias.com\/index.php\/wp-json\/wp\/v2\/tags?post=5748"}],"curies":[{"name":"wp","href":"https:\/\/api.w.org\/{rel}","templated":true}]}}