{"id":5727,"date":"2024-02-20T12:54:12","date_gmt":"2024-02-20T19:54:12","guid":{"rendered":"https:\/\/www.regioncuatronoticias.com\/?p=5727"},"modified":"2024-02-20T12:54:14","modified_gmt":"2024-02-20T19:54:14","slug":"capturan-en-phoenix-arizona-a-hermanos-que-privaron-de-la-vida-a-una-persona-en-alamos","status":"publish","type":"post","link":"https:\/\/www.regioncuatronoticias.com\/index.php\/2024\/02\/20\/capturan-en-phoenix-arizona-a-hermanos-que-privaron-de-la-vida-a-una-persona-en-alamos\/","title":{"rendered":"Capturan en Phoenix, Arizona a hermanos que privaron de la vida a una persona en \u00c1lamos"},"content":{"rendered":"\n<p>Hermosillo, Sonora.- V\u00edctor Jes\u00fas \u201cN\u201d, alias \u201cEl Chocorrol\u201d, y su medio hermano de 17 a\u00f1os, fueron detenidos en Phoenix, Arizona, acusados de privar de la vida a Ram\u00f3n Mart\u00edn, de 57 a\u00f1os de edad en octubre de 2021 en la poblaci\u00f3n de Cochibampo, del municipio de \u00c1lamos.<\/p>\n\n\n\n<p>La Fiscal\u00eda General de Justicia de Sonora, inform\u00f3 que el pasado 3 de octubre de 2021, durante una ri\u00f1a, golpearon con la culata de una carabina la cabeza y el cuerpo de Ram\u00f3n Mart\u00edn \u201cN\u201d.<\/p>\n\n\n\n<p>\u201cLa v\u00edctima perdi\u00f3 la vida en el Hospital General de \u00c1lamos, a donde fue trasladado por las lesiones causadas por los presuntos implicados, por lo cual, se abri\u00f3 la indagatoria por el delito de homicidio simple intencional; esto condujo a la emisi\u00f3n de las \u00f3rdenes de aprehensi\u00f3n en contra de los implicados, siendo emitida el 2 de mayo de 2022 para \u201cEl Chocorrol\u201d y el 23 de junio del mismo a\u00f1o para su medio hermano de 17 a\u00f1os de edad\u201d.<\/p>\n\n\n\n<p>En coordinaci\u00f3n con la Oficina de Investigaciones de Seguridad Nacional (HSI, por sus siglas en ingl\u00e9s), capturaron a los dos fugitivos el pasado 12 de febrero cuando se encontraban ocultos en un tr\u00e1iler park, en Phoenix, Arizona.<\/p>\n\n\n\n<p>\u201cEl Chocorrol\u201d fue deportado por la garita de Nogales, donde se le cumpliment\u00f3 la orden de aprehensi\u00f3n y fue puesto a disposici\u00f3n de un Juez; mientras que la situaci\u00f3n migratoria de su medio hermano, a\u00fan est\u00e1 en tr\u00e1mite, por tratarse de un menor de edad.<\/p>\n","protected":false},"excerpt":{"rendered":"<p>Hermosillo, Sonora.- V\u00edctor Jes\u00fas \u201cN\u201d, alias \u201cEl Chocorrol\u201d, y su medio hermano de 17 a\u00f1os, fueron detenidos en Phoenix, Arizona, acusados de privar de la vida a Ram\u00f3n Mart\u00edn, de 57 a\u00f1os de edad en octubre de 2021 en la poblaci\u00f3n de Cochibampo, del municipio de \u00c1lamos. La Fiscal\u00eda General de Justicia de Sonora, inform\u00f3 [&hellip;]<\/p>\n","protected":false},"author":1,"featured_media":5728,"comment_status":"open","ping_status":"open","sticky":false,"template":"","format":"standard","meta":{"content-type":"","footnotes":""},"categories":[113],"tags":[],"class_list":{"0":"post-5727","1":"post","2":"type-post","3":"status-publish","4":"format-standard","5":"has-post-thumbnail","7":"category-seguridad"},"_links":{"self":[{"href":"https:\/\/www.regioncuatronoticias.com\/index.php\/wp-json\/wp\/v2\/posts\/5727","targetHints":{"allow":["GET"]}}],"collection":[{"href":"https:\/\/www.regioncuatronoticias.com\/index.php\/wp-json\/wp\/v2\/posts"}],"about":[{"href":"https:\/\/www.regioncuatronoticias.com\/index.php\/wp-json\/wp\/v2\/types\/post"}],"author":[{"embeddable":true,"href":"https:\/\/www.regioncuatronoticias.com\/index.php\/wp-json\/wp\/v2\/users\/1"}],"replies":[{"embeddable":true,"href":"https:\/\/www.regioncuatronoticias.com\/index.php\/wp-json\/wp\/v2\/comments?post=5727"}],"version-history":[{"count":1,"href":"https:\/\/www.regioncuatronoticias.com\/index.php\/wp-json\/wp\/v2\/posts\/5727\/revisions"}],"predecessor-version":[{"id":5729,"href":"https:\/\/www.regioncuatronoticias.com\/index.php\/wp-json\/wp\/v2\/posts\/5727\/revisions\/5729"}],"wp:featuredmedia":[{"embeddable":true,"href":"https:\/\/www.regioncuatronoticias.com\/index.php\/wp-json\/wp\/v2\/media\/5728"}],"wp:attachment":[{"href":"https:\/\/www.regioncuatronoticias.com\/index.php\/wp-json\/wp\/v2\/media?parent=5727"}],"wp:term":[{"taxonomy":"category","embeddable":true,"href":"https:\/\/www.regioncuatronoticias.com\/index.php\/wp-json\/wp\/v2\/categories?post=5727"},{"taxonomy":"post_tag","embeddable":true,"href":"https:\/\/www.regioncuatronoticias.com\/index.php\/wp-json\/wp\/v2\/tags?post=5727"}],"curies":[{"name":"wp","href":"https:\/\/api.w.org\/{rel}","templated":true}]}}