{"id":5724,"date":"2024-02-20T12:52:59","date_gmt":"2024-02-20T19:52:59","guid":{"rendered":"https:\/\/www.regioncuatronoticias.com\/?p=5724"},"modified":"2024-02-20T12:53:01","modified_gmt":"2024-02-20T19:53:01","slug":"el-momento-de-la-verdad-para-julian-assange-un-tribunal-britanico-decide-esta-semana-si-es-extraditado-a-ee-uu","status":"publish","type":"post","link":"https:\/\/www.regioncuatronoticias.com\/index.php\/2024\/02\/20\/el-momento-de-la-verdad-para-julian-assange-un-tribunal-britanico-decide-esta-semana-si-es-extraditado-a-ee-uu\/","title":{"rendered":"El momento de la verdad para Julian Assange: un tribunal brit\u00e1nico decide esta semana si es extraditado a EE UU"},"content":{"rendered":"\n<p>Una gran campa\u00f1a internacional en defensa de Julian Assange, pero sobre todo en defensa de la libertad de prensa, intentar\u00e1 esta semana frenar la inminente extradici\u00f3n del cofundador de Wikileaks a Estados Unidos. Dos magistrados del Tribunal Superior de Justicia de Inglaterra y Gales escuchar\u00e1n, a lo largo de las dos jornadas de vista preliminar que comienzan este martes, los argumentos de la defensa del hacker australiano para defender el derecho de Assange a interponer un recurso de apelaci\u00f3n<\/p>\n\n\n\n<p>ttps:\/\/elpais.com\/internacional\/2022-04-20\/la-justicia-britanica-aprueba-la-orden-de-extradicion-de-julian-assange-a-estados-unidos.html&#8221; target=&#8221;_blank&#8221; data-link-track-dtm=&#8221;&#8221;&gt;contra la decisi\u00f3n final de su entrega, autorizada por el Tribunal Supremo en 2022 y confirmada en junio de ese mismo a\u00f1o por la entonces ministra brit\u00e1nica del Interior, Priti Patel. La decisi\u00f3n de los jueces podr\u00eda darse a conocer al final de la sesi\u00f3n del mi\u00e9rcoles.<\/p>\n\n\n\n<p>\u201cSu salud se est\u00e1 deteriorando. Mental y f\u00edsicamente. Su vida est\u00e1 en peligro cada d\u00eda que permanece en prisi\u00f3n, y va a morir\u201d, advert\u00eda su esposa, la abogada Stella Assange, en un encuentro con corresponsales organizado en Londres por la Asociaci\u00f3n de la Prensa Extranjera, en el que participaron tambi\u00e9n representantes de Wikileaks y de la organizaci\u00f3n Reporteros Sin Fronteras.<\/p>\n\n\n\n<p>Si los magistrados Jeremy Johnson y Victoria Sharp deciden dar luz verde a la extradici\u00f3n, se agotar\u00eda para Assange la v\u00eda judicial en el Reino Unido. Siempre queda la posibilidad de que sus abogados recurran al Tribunal Europeo de Derechos Humanos de Estrasburgo, pero los plazos correr\u00edan en contra del fundador de Wikileaks. Incluso si el tribunal europeo dictara una orden de suspensi\u00f3n inmediata \u2015la misma con la que fren\u00f3 el primer avi\u00f3n con inmigrantes deportados a Ruanda\u2014, el Gobierno brit\u00e1nico no se considerar\u00eda obligado a obedecerla.<\/p>\n\n\n\n<p>Assange pas\u00f3 encerrado siete a\u00f1os en la Embajada de Ecuador en Londres y otros cinco en la prisi\u00f3n de m\u00e1xima seguridad de Belmarsh, tambi\u00e9n en la capital inglesa, donde sigue hoy. \u201cTiene 52 a\u00f1os, y est\u00e1 siendo tratado con medicaci\u00f3n. En octubre de 2021 sufri\u00f3 un infarto leve. Ha tenido desde entonces todo tipo de problemas de salud, despu\u00e9s de cinco a\u00f1os recluido en una celda de dos metros de ancho por tres de largo. Est\u00e1 aislado. Aunque intente moverse dentro, le da para poco\u201d, explicaba su esposa.<\/p>\n\n\n\n<p>\u201cLa sentencia puede sentar un precedente con graves y oscuras implicaciones para la libertad de prensa por todo el mundo. No podemos subestimar el efecto que tendr\u00eda el hecho de que un ciudadano australiano que public\u00f3 en Europa acabe siendo enviado a prisi\u00f3n en Estados Unidos\u201d, aseguraba Kristinn Hrafnsson, actual director de Wikileaks. \u201cSupone que ning\u00fan periodista va a estar protegido en el futuro\u201d, advert\u00eda.<\/p>\n\n\n\n<p>En marzo de 2022, el Tribunal Supremo brit\u00e1nico dio luz verde a la extradici\u00f3n. Los abogados de Assange hab\u00edan argumentado que el posible riesgo de suicidio en una prisi\u00f3n estadounidense era muy elevado, pero no lograron convencer a los magistrados del alto tribunal.<\/p>\n\n\n\n<p>Aquel fallo puso fin a un proceso judicial que empez\u00f3 el 21 de enero de 2021, cuando la jueza Vanessa Baraitser, de primera instancia, deneg\u00f3 la entrega del acusado al considerar que presentaba riesgo de suicidio y que las condiciones penitenciarias en EE UU pod\u00edan exacerbarlo.<\/p>\n\n\n\n<p>El equipo jur\u00eddico del hacker recurri\u00f3 finalmente la confirmaci\u00f3n de la extradici\u00f3n del Gobierno brit\u00e1nico. Lo que se decide esta semana es, simplemente, si Assange logra una \u00faltima oportunidad para argumentar jur\u00eddicamente ante un tribunal las razones por las que no debe ser extraditado. Y, en el caso de que la decisi\u00f3n de los magistrados sea negativa, acelerar\u00e1 los plazos de entrega.<\/p>\n\n\n\n<p>Siempre queda la posibilidad de que el nuevo ministro brit\u00e1nico del Interior, James Cleverly, o el propio primer ministro, Rishi Sunak, decidan frenar la entrega. El expresidente de Estados Unidos Barack Obama ya conmut\u00f3 la sentencia de la soldada Chelsea Manning, la principal fuente de los documentos secretos de la seguridad estadounidense que filtr\u00f3 Wikileaks. Expon\u00edan graves episodios de guerra sucia en Irak o Afganist\u00e1n y fueron publicados despu\u00e9s de un laborioso y complejo proceso de edici\u00f3n por medios internacionales, entre los que estaba EL PA\u00cdS, para evitar que nadie corriera riesgos innecesarios. Manning cumpli\u00f3 siete a\u00f1os de c\u00e1rcel.<\/p>\n\n\n\n<p>El actual Gobierno australiano y su Parlamento han solicitado la liberaci\u00f3n de Assange. La C\u00e1mara legislativa aprob\u00f3 la semana pasada una resoluci\u00f3n, con el voto en contra de la oposici\u00f3n conservadora. El primer ministro, Anthony Albanese, respald\u00f3 con su voto la petici\u00f3n, y ha trasladado a Washington el deseo de su Gobierno de que se abandone la petici\u00f3n de extradici\u00f3n y se permita a Assange regresar a su pa\u00eds.<\/p>\n","protected":false},"excerpt":{"rendered":"<p>Una gran campa\u00f1a internacional en defensa de Julian Assange, pero sobre todo en defensa de la libertad de prensa, intentar\u00e1 esta semana frenar la inminente extradici\u00f3n del cofundador de Wikileaks a Estados Unidos. Dos magistrados del Tribunal Superior de Justicia de Inglaterra y Gales escuchar\u00e1n, a lo largo de las dos jornadas de vista preliminar [&hellip;]<\/p>\n","protected":false},"author":1,"featured_media":5725,"comment_status":"open","ping_status":"open","sticky":false,"template":"","format":"standard","meta":{"content-type":"","footnotes":""},"categories":[7],"tags":[],"class_list":{"0":"post-5724","1":"post","2":"type-post","3":"status-publish","4":"format-standard","5":"has-post-thumbnail","7":"category-internacional"},"_links":{"self":[{"href":"https:\/\/www.regioncuatronoticias.com\/index.php\/wp-json\/wp\/v2\/posts\/5724","targetHints":{"allow":["GET"]}}],"collection":[{"href":"https:\/\/www.regioncuatronoticias.com\/index.php\/wp-json\/wp\/v2\/posts"}],"about":[{"href":"https:\/\/www.regioncuatronoticias.com\/index.php\/wp-json\/wp\/v2\/types\/post"}],"author":[{"embeddable":true,"href":"https:\/\/www.regioncuatronoticias.com\/index.php\/wp-json\/wp\/v2\/users\/1"}],"replies":[{"embeddable":true,"href":"https:\/\/www.regioncuatronoticias.com\/index.php\/wp-json\/wp\/v2\/comments?post=5724"}],"version-history":[{"count":1,"href":"https:\/\/www.regioncuatronoticias.com\/index.php\/wp-json\/wp\/v2\/posts\/5724\/revisions"}],"predecessor-version":[{"id":5726,"href":"https:\/\/www.regioncuatronoticias.com\/index.php\/wp-json\/wp\/v2\/posts\/5724\/revisions\/5726"}],"wp:featuredmedia":[{"embeddable":true,"href":"https:\/\/www.regioncuatronoticias.com\/index.php\/wp-json\/wp\/v2\/media\/5725"}],"wp:attachment":[{"href":"https:\/\/www.regioncuatronoticias.com\/index.php\/wp-json\/wp\/v2\/media?parent=5724"}],"wp:term":[{"taxonomy":"category","embeddable":true,"href":"https:\/\/www.regioncuatronoticias.com\/index.php\/wp-json\/wp\/v2\/categories?post=5724"},{"taxonomy":"post_tag","embeddable":true,"href":"https:\/\/www.regioncuatronoticias.com\/index.php\/wp-json\/wp\/v2\/tags?post=5724"}],"curies":[{"name":"wp","href":"https:\/\/api.w.org\/{rel}","templated":true}]}}