{"id":5671,"date":"2024-02-19T08:05:39","date_gmt":"2024-02-19T15:05:39","guid":{"rendered":"https:\/\/www.regioncuatronoticias.com\/?p=5671"},"modified":"2024-02-19T08:05:41","modified_gmt":"2024-02-19T15:05:41","slug":"se-registra-sheinbaum-ante-ine-como-candidata-presidencial","status":"publish","type":"post","link":"https:\/\/www.regioncuatronoticias.com\/index.php\/2024\/02\/19\/se-registra-sheinbaum-ante-ine-como-candidata-presidencial\/","title":{"rendered":"Se registra Sheinbaum ante INE como candidata presidencial"},"content":{"rendered":"\n<p>Febrero 18 de 2024<\/p>\n\n\n\n<p>CDMX.- Claudia Sheinbaum se registr\u00f3 este domingo como candidata presidencial de la coalici\u00f3n &#8220;Sigamos Haciendo Historia&#8221;, de Morena-PT-PVEM ante el Instituto Nacional Electoral (INE).<\/p>\n\n\n\n<p>El evento estaba agendado a las 12:00 horas, pero desde las 10:00 de la ma\u00f1ana, simpatizantes de la aspirante presidencial comenzaron a llegar a las inmediaciones del Instituto.<\/p>\n\n\n\n<p>Al lugar arribaron cientos de personas, quienes hicieron una fila -que daba vuelta a las instalaciones del INE- para poder ingresar.<\/p>\n\n\n\n<p>Al evento acudieron personajes como el ex Canciller Marcelo Ebrard, el ex titular de la Unidad de Inteligencia Financiera (UIF) Santiago Nieto, as\u00ed como Javier L\u00f3pez Casarin, aspirante a la Alcald\u00eda de \u00c1lvaro Obreg\u00f3n, y el diputado del Partido del Trabajo, Reginaldo Sandoval.<\/p>\n\n\n\n<p>Est\u00e1n tambi\u00e9n, integrantes del Sindicato Minero, quienes gritan consignas como &#8220;la gente se pregunta \u00bfqui\u00e9nes son? Somos los mineros, que estamos con Claudia hoy&#8221;.<\/p>\n\n\n\n<p><\/p>\n","protected":false},"excerpt":{"rendered":"<p>Febrero 18 de 2024 CDMX.- Claudia Sheinbaum se registr\u00f3 este domingo como candidata presidencial de la coalici\u00f3n &#8220;Sigamos Haciendo Historia&#8221;, de Morena-PT-PVEM ante el Instituto Nacional Electoral (INE). El evento estaba agendado a las 12:00 horas, pero desde las 10:00 de la ma\u00f1ana, simpatizantes de la aspirante presidencial comenzaron a llegar a las inmediaciones del [&hellip;]<\/p>\n","protected":false},"author":1,"featured_media":5672,"comment_status":"open","ping_status":"open","sticky":false,"template":"","format":"standard","meta":{"content-type":"","footnotes":""},"categories":[123,105],"tags":[],"class_list":{"0":"post-5671","1":"post","2":"type-post","3":"status-publish","4":"format-standard","5":"has-post-thumbnail","7":"category-elecciones2024","8":"category-principal"},"_links":{"self":[{"href":"https:\/\/www.regioncuatronoticias.com\/index.php\/wp-json\/wp\/v2\/posts\/5671","targetHints":{"allow":["GET"]}}],"collection":[{"href":"https:\/\/www.regioncuatronoticias.com\/index.php\/wp-json\/wp\/v2\/posts"}],"about":[{"href":"https:\/\/www.regioncuatronoticias.com\/index.php\/wp-json\/wp\/v2\/types\/post"}],"author":[{"embeddable":true,"href":"https:\/\/www.regioncuatronoticias.com\/index.php\/wp-json\/wp\/v2\/users\/1"}],"replies":[{"embeddable":true,"href":"https:\/\/www.regioncuatronoticias.com\/index.php\/wp-json\/wp\/v2\/comments?post=5671"}],"version-history":[{"count":1,"href":"https:\/\/www.regioncuatronoticias.com\/index.php\/wp-json\/wp\/v2\/posts\/5671\/revisions"}],"predecessor-version":[{"id":5673,"href":"https:\/\/www.regioncuatronoticias.com\/index.php\/wp-json\/wp\/v2\/posts\/5671\/revisions\/5673"}],"wp:featuredmedia":[{"embeddable":true,"href":"https:\/\/www.regioncuatronoticias.com\/index.php\/wp-json\/wp\/v2\/media\/5672"}],"wp:attachment":[{"href":"https:\/\/www.regioncuatronoticias.com\/index.php\/wp-json\/wp\/v2\/media?parent=5671"}],"wp:term":[{"taxonomy":"category","embeddable":true,"href":"https:\/\/www.regioncuatronoticias.com\/index.php\/wp-json\/wp\/v2\/categories?post=5671"},{"taxonomy":"post_tag","embeddable":true,"href":"https:\/\/www.regioncuatronoticias.com\/index.php\/wp-json\/wp\/v2\/tags?post=5671"}],"curies":[{"name":"wp","href":"https:\/\/api.w.org\/{rel}","templated":true}]}}