{"id":5666,"date":"2024-02-17T23:36:10","date_gmt":"2024-02-18T06:36:10","guid":{"rendered":"https:\/\/www.regioncuatronoticias.com\/?p=5666"},"modified":"2024-02-17T23:36:15","modified_gmt":"2024-02-18T06:36:15","slug":"el-musculo-de-la-sociedad","status":"publish","type":"post","link":"https:\/\/www.regioncuatronoticias.com\/index.php\/2024\/02\/17\/el-musculo-de-la-sociedad\/","title":{"rendered":"El m\u00fasculo de la sociedad"},"content":{"rendered":"\n<p><strong>Columna Corren Rumores<\/strong><\/p>\n\n\n\n<p><strong>Hilario Olea<\/strong><\/p>\n\n\n\n<p><strong>El m\u00fasculo de la sociedad<\/strong><\/p>\n\n\n\n<p><strong>S\u00e1bado 17 de febrero del 2024<\/strong><\/p>\n\n\n\n<p><strong>VOTO ACTIVISTA\u2026<\/strong> Ma\u00f1ana domingo de nuevo la sociedad civil va a salir a la calle para mostrarle el m\u00fasculo,&nbsp; y no el diente como quisieran en la 4T para acusarlos de violentos, al gobierno federal y de una vez advertirles que se preparan para dar la pelea por la democracia este 2 de junio. Porque no ser\u00e1 una simple elecci\u00f3n presidencial y general, sino va de por medio la imposici\u00f3n de un gobierno que puede caer en la tentaci\u00f3n de una dictablanda. Cierto, no creo se animen a una dictadura tipo Venezuela o Nicaragua, no se diga el estilo cubano, pero si con suficiente autoritarismo para limitar todas las libertades. Todos saben que si Morena y sus aliados ganan la mayor\u00eda absoluta en el Congreso de la Uni\u00f3n, terminar\u00e1n con los pocos contrapesos pol\u00edticos que hay y podr\u00e1n hacer y deshacer a su antojo. Por ello es clave, que ma\u00f1ana domingo en el pa\u00eds haya una toma de conciencia.<\/p>\n\n\n\n<p><strong>TOMA DE CONCIENCIA\u2026<\/strong> Esa ser\u00e1 la clave, no cuantos salen y se manifiestan, sino cuantos van a tomar conciencia de la realidad pol\u00edtica que vive y puede vivir el pa\u00eds.&nbsp; Hasta el cierre de semana los organizadores de la Marcha por la Democracia presum\u00edan que ya se hab\u00edan apuntado organizaciones de 110 ciudades, entre ellas siete de Sonora, para tomar las calles y las plazas p\u00fablicas.&nbsp; Esto tiene ya preocupados al sistema, y prueba de ello son las descalificaciones que salen de las ma\u00f1aneras, en donde no hay argumentos en contra sino insultos y descalificaciones. Saben que si las marchas y manifestaciones resultan un \u00e9xito, ser\u00e1 una plataforma para impulsar a los candidatos de la oposici\u00f3n y tronar la estrategia del Plan C presidencial. Veremos que inventan de \u00faltimo momento. En una de las \u00faltimas marchas, recordar, en la CDMX declararon emergencia para evitar que circularan veh\u00edculos y as\u00ed limitar la participaci\u00f3n de la sociedad.&nbsp; Pero de nada les valieron las triqui\u00f1uelas. Pero seguramente algo van a sacar.<\/p>\n\n\n\n<p><strong>TODOS DE ROSA\u2026<\/strong> Los organizadores de estas marchas est\u00e1n invitando a los participantes a que lleven alguna prenda de color rosa. Un color neutro que no pueden relacionar con alg\u00fan partido pol\u00edtico, que es lo que quisieran en palacio nacional para echarles la caballer\u00eda encima.&nbsp; Parece que en esta ocasi\u00f3n habr\u00e1 pocos oradores. Esperemos que en Hermosillo sea uno, m\u00e1ximo dos, y no una larga lista de personas que valientemente presentan su rostro, pero que tambi\u00e9n hacen que&nbsp; baje la emotividad.&nbsp; En Hermosillo, como es costumbre, la marcha iniciar\u00e1 a las 10 AM en la Plaza Emiliana de Zubeld\u00eda y terminar\u00e1 en la Plaza Zaragoza.&nbsp; Adem\u00e1s de la capital, se apuntaron grupos en Cajeme, Alamos, Navojoa, Huatabampo, Guaymas y Magdalena. A lo mejor ya entrados en el \u00e1nimo se suman otros. Veremos como concluye esta manifestaci\u00f3n ciudadana en defensa de la democracia.<\/p>\n\n\n\n<p><strong>ALCALDES EN PROBLEMAS\u2026<\/strong> Todav\u00eda no empiezan las campa\u00f1as en forma y algunos alcaldes ya andan en broncas con palacio de gobierno. Ah\u00ed est\u00e1 el comentado caso de Santos Gonz\u00e1lez, de&nbsp; SLRC, quien de su ronco pecho y sin pedir l\u00ednea, dio a conocer que&nbsp; las autoridades americanas de migraci\u00f3n hab\u00edan cerrado hasta por tres ocasiones las garitas fronterizas. Algo que muchos lo vieron como l\u00f3gico y normal. Solo que esto no le gust\u00f3 para nada al gobernador Alfonso Durazo quien en forma categ\u00f3rica desminti\u00f3 al alcalde sanluisino. Lo que no se sabe es si Santitos hizo esto en mero af\u00e1n informativo o como reproche a que el gobernador no le haya concedido el capricho de permitir que su hijo fuera candidato a alcalde.&nbsp; Como la pinten, dicen que ya tiene otra mancha m\u00e1s en el abrigo de cebra.<\/p>\n\n\n\n<p><strong>SE LE ENREDA EL ENGRUDO\u2026<\/strong> Al que se le est\u00e1 enredando el engrudo para buscar la reelecci\u00f3n es al alcalde de Cajeme, Javier Lamarque,&nbsp; porque hay morenistas que no est\u00e1n de acuerdo en esta designaci\u00f3n de su partido y anuncian que acudir\u00e1n a todas las instancias para impugnarlo, incluso hasta la Suprema Corte de Justicia. Contra este rechazo el alcalde opone el respaldo que est\u00e1 recibiendo de la capital del estado, que seguramente pensar\u00e1 que es la que cuenta.&nbsp; Pero estas manifestaciones de rechazo muchas veces es el principio de un desastre pol\u00edtico que se traducen en derrotas electorales, porque muchos le pueden dar la espalda.&nbsp; Veremos si&nbsp; a Lamarque le alcanza el apoyo central.<\/p>\n\n\n\n<p>En fin, primer domingo sin NFL, chale. En fin por eso recuerden lo que dec\u00eda la Chalita Coronado, el que con burros anda, puede salir hasta candidato. Sale.<\/p>\n\n\n\n<p><strong>S\u00edganos en cuenta de X o Twitter&nbsp; @hilario Olea<\/strong><\/p>\n\n\n\n<p><strong>Pueden vernos de lunes a viernes de 8 a 9 de la noche en nuestro canal de&nbsp; Youtube<\/strong><\/p>\n\n\n\n<p><strong>Entre Todos Digital.<\/strong><\/p>\n\n\n\n<p><strong>Sigan nuestras redes sociales<\/strong><\/p>\n","protected":false},"excerpt":{"rendered":"<p>Columna Corren Rumores Hilario Olea El m\u00fasculo de la sociedad S\u00e1bado 17 de febrero del 2024 VOTO ACTIVISTA\u2026 Ma\u00f1ana domingo de nuevo la sociedad civil va a salir a la calle para mostrarle el m\u00fasculo,&nbsp; y no el diente como quisieran en la 4T para acusarlos de violentos, al gobierno federal y de una vez [&hellip;]<\/p>\n","protected":false},"author":1,"featured_media":0,"comment_status":"open","ping_status":"open","sticky":false,"template":"","format":"standard","meta":{"content-type":"","footnotes":""},"categories":[121],"tags":[],"class_list":{"0":"post-5666","1":"post","2":"type-post","3":"status-publish","4":"format-standard","6":"category-hilarioolea"},"_links":{"self":[{"href":"https:\/\/www.regioncuatronoticias.com\/index.php\/wp-json\/wp\/v2\/posts\/5666","targetHints":{"allow":["GET"]}}],"collection":[{"href":"https:\/\/www.regioncuatronoticias.com\/index.php\/wp-json\/wp\/v2\/posts"}],"about":[{"href":"https:\/\/www.regioncuatronoticias.com\/index.php\/wp-json\/wp\/v2\/types\/post"}],"author":[{"embeddable":true,"href":"https:\/\/www.regioncuatronoticias.com\/index.php\/wp-json\/wp\/v2\/users\/1"}],"replies":[{"embeddable":true,"href":"https:\/\/www.regioncuatronoticias.com\/index.php\/wp-json\/wp\/v2\/comments?post=5666"}],"version-history":[{"count":1,"href":"https:\/\/www.regioncuatronoticias.com\/index.php\/wp-json\/wp\/v2\/posts\/5666\/revisions"}],"predecessor-version":[{"id":5667,"href":"https:\/\/www.regioncuatronoticias.com\/index.php\/wp-json\/wp\/v2\/posts\/5666\/revisions\/5667"}],"wp:attachment":[{"href":"https:\/\/www.regioncuatronoticias.com\/index.php\/wp-json\/wp\/v2\/media?parent=5666"}],"wp:term":[{"taxonomy":"category","embeddable":true,"href":"https:\/\/www.regioncuatronoticias.com\/index.php\/wp-json\/wp\/v2\/categories?post=5666"},{"taxonomy":"post_tag","embeddable":true,"href":"https:\/\/www.regioncuatronoticias.com\/index.php\/wp-json\/wp\/v2\/tags?post=5666"}],"curies":[{"name":"wp","href":"https:\/\/api.w.org\/{rel}","templated":true}]}}