{"id":5660,"date":"2024-02-17T23:20:47","date_gmt":"2024-02-18T06:20:47","guid":{"rendered":"https:\/\/www.regioncuatronoticias.com\/?p=5660"},"modified":"2024-02-17T23:20:48","modified_gmt":"2024-02-18T06:20:48","slug":"sheinbaum-replica-estrategia-de-amlo-minimiza-aportes-del-narcotrafico-a-la-campana-del-presidente-y-se-lanza-contra-loret","status":"publish","type":"post","link":"https:\/\/www.regioncuatronoticias.com\/index.php\/2024\/02\/17\/sheinbaum-replica-estrategia-de-amlo-minimiza-aportes-del-narcotrafico-a-la-campana-del-presidente-y-se-lanza-contra-loret\/","title":{"rendered":"Sheinbaum replica estrategia de AMLO: Minimiza aportes del narcotr\u00e1fico a la campa\u00f1a del presidente y se lanza contra Loret"},"content":{"rendered":"\n<p>Latinus<\/p>\n\n\n\n<p>Karina Garza \/ Corresponsal<\/p>\n\n\n\n<p>Febrero 17 de 2024<\/p>\n\n\n\n<p>Foto: Captura de video<\/p>\n\n\n\n<p>La aspirante presidencial de Morena, Claudia Sheinbaum, minimiz\u00f3 este s\u00e1bado lo revelado en entrevista por el l\u00edder del c\u00e1rtel de Los Ardillos, Celso Ortega, quien asegur\u00f3 que en el 2006 el grupo delictivo Los Zetas aport\u00f3 dinero a la campa\u00f1a presidencial de Andr\u00e9s Manuel L\u00f3pez Obrador en 2006.<\/p>\n\n\n\n<p>Adem\u00e1s, la ex jefa de Gobierno de la Ciudad de M\u00e9xico, durante su vista a Monterrey, se lanz\u00f3 contra el periodista Carlos Loret de Mola por la entrevista publicada en Latinus. \u201cMi opini\u00f3n sobre el reportaje es que es otro montaje de Loret de Mola\u201d, acus\u00f3 la morenista.<\/p>\n\n\n\n<p>Sheinbaum opt\u00f3 as\u00ed por asumir las descalificaciones sin proporcionar evidencia \u2014replicando la respuesta dada por el presidente Andr\u00e9s Manuel L\u00f3pez Obrador\u2014 de que el entrevistado no fuera, en realidad, el l\u00edder criminal, a pesar de que tanto el padre Filiberto V\u00e1zquez como el obispo em\u00e9rito Salvador Rangel Mendoza lo reconocieron como Celso Ortega.<\/p>\n\n\n\n<p>Asegur\u00f3 adem\u00e1s que su equipo est\u00e1 buscando blindar su campa\u00f1a contra recursos il\u00edcitos, filtrando los perfiles de sus candidatos a las instancias de investigaci\u00f3n criminal en el pa\u00eds. \u201cNosotros, cuando sale un candidato, cuando sale en la lista de las encuestas, preguntamos en la Fiscal\u00eda General de la Rep\u00fablica y en la Secretar\u00eda de Seguridad P\u00fablica si tiene alg\u00fan antecedente para evitar que tenga alg\u00fan v\u00ednculo con alguna banda delictiva\u201d, dijo.<\/p>\n\n\n\n<p>En cuanto al trending topic que se ha mantenido por una semana en redes sociales con el que se vincula a Morena con el crimen organizado, Sheinbaum dijo que \u201ces tan absurdo que casi ni quien lo pele, ni quien le haga caso al asunto (\u2026) ya se demostr\u00f3 que es falso y no tiene ning\u00fan sentido y es pura compra. El otro d\u00eda, Mario Delgado denunci\u00f3 que son millones y millones de pesos que se est\u00e1n destinando a eso, pero no les va a funcionar porque primero la gente sabe que no es cierto\u201d.<\/p>\n\n\n\n<p>En la visita expr\u00e9s a Monterrey, que comenz\u00f3 cerca de las 11:00 de la ma\u00f1ana y concluy\u00f3 poco antes de las 4:00 de la tarde, Sheinbaum se reuni\u00f3 con estructuras pol\u00edticas de Morena y empresarios regiomontanos con quienes dijo compartieron opiniones y proyecciones sobre inversi\u00f3n extranjera, energ\u00eda y abasto de agua.<\/p>\n\n\n\n<p>\u201cCerrar la refiner\u00eda a lo mejor no es la mejor opci\u00f3n\u201d: Sheinbaum<\/p>\n\n\n\n<p>Sobre la intenci\u00f3n del gobernador Samuel Garc\u00eda de cerrar o reubicar la refiner\u00eda de Pemex en Cadereyta por las altas emisiones de contaminaci\u00f3n, Sheinbaum dijo que en su experiencia lo primero que hay que hacer es detectar los contaminantes que circulan en la zona metropolitana y sus fuentes.<\/p>\n\n\n\n<p>\u201cAqu\u00ed falta actualizar el inventario de emisiones de la zona de Monterrey. Una vez actualizado, tomar medidas de las diferentes fuentes, qu\u00e9 contamina la refiner\u00eda, las pedreras, otras industrias, los autos\u201d, se\u00f1al\u00f3.<\/p>\n\n\n\n<p>Contrario a la opini\u00f3n del gobierno estatal y activistas ambientales que han exigido recientemente en protestas y marchas el cierre de Pemex, dijo que esa no es la mejor opci\u00f3n por las cantidades de combustible que ah\u00ed se procesan y abastecen a la regi\u00f3n. \u201cCerrar la refiner\u00eda a lo mejor no es la mejor opci\u00f3n y se requiere alg\u00fan equipo que permita disminuir la contaminaci\u00f3n de alguna fuente de contaminaci\u00f3n de la refiner\u00eda, la discusi\u00f3n no es quitar o no quitar la refiner\u00eda, el asunto es que requiere adicional y cu\u00e1les son las otras fuentes\u201d, dijo.<\/p>\n\n\n\n<figure class=\"wp-block-embed is-type-wp-embed is-provider-latin-us wp-block-embed-latin-us\"><div class=\"wp-block-embed__wrapper\">\n<blockquote class=\"wp-embedded-content\" data-secret=\"JTI7wDxLF7\"><a href=\"https:\/\/latinus.us\/2024\/02\/17\/sheinbaum-replica-estrategia-de-amlo-minimiza-aportes-del-narcotrafico-a-la-campana-del-presidente-y-se-lanza-contra-loret\/\">Sheinbaum replica estrategia de AMLO: minimiza aportes del narcotr\u00e1fico a la campa\u00f1a del presidente y se lanza contra Loret<\/a><\/blockquote><iframe loading=\"lazy\" class=\"wp-embedded-content\" sandbox=\"allow-scripts\" security=\"restricted\" style=\"position: absolute; clip: rect(1px, 1px, 1px, 1px);\" title=\"&#8220;Sheinbaum replica estrategia de AMLO: minimiza aportes del narcotr\u00e1fico a la campa\u00f1a del presidente y se lanza contra Loret&#8221; &#8212; Latin US\" src=\"https:\/\/latinus.us\/2024\/02\/17\/sheinbaum-replica-estrategia-de-amlo-minimiza-aportes-del-narcotrafico-a-la-campana-del-presidente-y-se-lanza-contra-loret\/embed\/#?secret=O3ZBEZJWfC#?secret=JTI7wDxLF7\" data-secret=\"JTI7wDxLF7\" width=\"600\" height=\"338\" frameborder=\"0\" marginwidth=\"0\" marginheight=\"0\" scrolling=\"no\"><\/iframe>\n<\/div><\/figure>\n","protected":false},"excerpt":{"rendered":"<p>Latinus Karina Garza \/ Corresponsal Febrero 17 de 2024 Foto: Captura de video La aspirante presidencial de Morena, Claudia Sheinbaum, minimiz\u00f3 este s\u00e1bado lo revelado en entrevista por el l\u00edder del c\u00e1rtel de Los Ardillos, Celso Ortega, quien asegur\u00f3 que en el 2006 el grupo delictivo Los Zetas aport\u00f3 dinero a la campa\u00f1a presidencial de [&hellip;]<\/p>\n","protected":false},"author":1,"featured_media":5661,"comment_status":"open","ping_status":"open","sticky":false,"template":"","format":"standard","meta":{"content-type":"","footnotes":""},"categories":[123,3,115,105],"tags":[],"class_list":{"0":"post-5660","1":"post","2":"type-post","3":"status-publish","4":"format-standard","5":"has-post-thumbnail","7":"category-elecciones2024","8":"category-mexico","9":"category-politica","10":"category-principal"},"_links":{"self":[{"href":"https:\/\/www.regioncuatronoticias.com\/index.php\/wp-json\/wp\/v2\/posts\/5660","targetHints":{"allow":["GET"]}}],"collection":[{"href":"https:\/\/www.regioncuatronoticias.com\/index.php\/wp-json\/wp\/v2\/posts"}],"about":[{"href":"https:\/\/www.regioncuatronoticias.com\/index.php\/wp-json\/wp\/v2\/types\/post"}],"author":[{"embeddable":true,"href":"https:\/\/www.regioncuatronoticias.com\/index.php\/wp-json\/wp\/v2\/users\/1"}],"replies":[{"embeddable":true,"href":"https:\/\/www.regioncuatronoticias.com\/index.php\/wp-json\/wp\/v2\/comments?post=5660"}],"version-history":[{"count":1,"href":"https:\/\/www.regioncuatronoticias.com\/index.php\/wp-json\/wp\/v2\/posts\/5660\/revisions"}],"predecessor-version":[{"id":5662,"href":"https:\/\/www.regioncuatronoticias.com\/index.php\/wp-json\/wp\/v2\/posts\/5660\/revisions\/5662"}],"wp:featuredmedia":[{"embeddable":true,"href":"https:\/\/www.regioncuatronoticias.com\/index.php\/wp-json\/wp\/v2\/media\/5661"}],"wp:attachment":[{"href":"https:\/\/www.regioncuatronoticias.com\/index.php\/wp-json\/wp\/v2\/media?parent=5660"}],"wp:term":[{"taxonomy":"category","embeddable":true,"href":"https:\/\/www.regioncuatronoticias.com\/index.php\/wp-json\/wp\/v2\/categories?post=5660"},{"taxonomy":"post_tag","embeddable":true,"href":"https:\/\/www.regioncuatronoticias.com\/index.php\/wp-json\/wp\/v2\/tags?post=5660"}],"curies":[{"name":"wp","href":"https:\/\/api.w.org\/{rel}","templated":true}]}}