{"id":5654,"date":"2024-02-17T23:15:21","date_gmt":"2024-02-18T06:15:21","guid":{"rendered":"https:\/\/www.regioncuatronoticias.com\/?p=5654"},"modified":"2024-02-17T23:15:23","modified_gmt":"2024-02-18T06:15:23","slug":"se-registra-ataque-armado-en-la-carretera-federal-mexico-15-tramo-ciudad-obregon-navojoa","status":"publish","type":"post","link":"https:\/\/www.regioncuatronoticias.com\/index.php\/2024\/02\/17\/se-registra-ataque-armado-en-la-carretera-federal-mexico-15-tramo-ciudad-obregon-navojoa\/","title":{"rendered":"Se registra ataque armado en la carretera Federal M\u00e9xico 15, tramo Ciudad Obreg\u00f3n-Navojoa"},"content":{"rendered":"\n<p><strong>-Testigos en el lugar de los hechos se\u00f1alan que dos personas perdieron la vida; el tr\u00e1fico se detuvo por el cierre de la r\u00faa<\/strong><\/p>\n\n\n\n<p>El Sol de Hermosillo<\/p>\n\n\n\n<p>Yoanna Romo<\/p>\n\n\n\n<p>Foto: Cortes\u00eda de Rosa Lilia Torres<\/p>\n\n\n\n<p>S\u00e1bado 17 de febrero del 2024<\/p>\n\n\n\n<p>Autoridades de seguridad y presuntos criminales se enfrentaron en un ataque armado durante la tarde de este s\u00e1bado en la carretera federal n\u00famero 15 en el municipio de Cajeme.<\/p>\n\n\n\n<p>El hecho ocurri\u00f3 en el tramo que conecta a Ciudad Obreg\u00f3n con el municipio de Navojoa en el carril rumbo al sur del estado de Sonora, donde el tr\u00e1fico qued\u00f3 detenido de manera temporal debido al cierre de la autopista.<\/p>\n\n\n\n<p>De acuerdo a testigos en la zona, dos personas perdieron la vida tras el ataque, quedando en el interior de un veh\u00edculo sobre la r\u00faa federal, posteriormente las corporaciones de seguridad acordonaron el \u00e1rea para iniciar las indagatorias, &nbsp;mientras que personal de Cruz Roja tambi\u00e9n estuvo presente en el sitio.<\/p>\n\n\n\n<p>Para reducir las afectaciones en la circulaci\u00f3n, autoridades desviaron el tr\u00e1fico por la otra l\u00ednea de la carretera cuatro carriles, que se habilit\u00f3 el camino en los dos &nbsp;sentidos, mientras permaneci\u00f3 cerrada la zona del ataque.<\/p>\n\n\n\n<p>Al lugar acudieron elementos de la Polic\u00eda Municipal, Guardia Nacional, Seguridad P\u00fablica Estatal y de la Agencia Ministerial de Investigaci\u00f3n Criminal (AMIC) de la Fiscal\u00eda General de Justicia del Estado con la finalidad de iniciar las investigaciones.<\/p>\n\n\n\n<p>Hasta el momento la Fiscal\u00eda General de Justicia del Estado o autoridades federales no han brindado m\u00e1s detalles de los hechos.<\/p>\n\n\n\n<p>En lo que va del a\u00f1o, en Cajeme se han presentado diversos homicidios, entre los m\u00e1s recientes est\u00e1 el caso del comandante de la AMIC Manuel de Jes\u00fas Morales que fue asesinado la noche del 15 de febrero de 2024.<\/p>\n\n\n\n<p>La FGJE inform\u00f3 que falleci\u00f3 luego de un ataque por presuntos integrantes del crimen organizado sobre la calle N\u00e1inari entre Sinaloa y Miguel Alem\u00e1n, en una plaza comercial a tan solo dos cuadras del Palacio Municipal.<\/p>\n","protected":false},"excerpt":{"rendered":"<p>-Testigos en el lugar de los hechos se\u00f1alan que dos personas perdieron la vida; el tr\u00e1fico se detuvo por el cierre de la r\u00faa El Sol de Hermosillo Yoanna Romo Foto: Cortes\u00eda de Rosa Lilia Torres S\u00e1bado 17 de febrero del 2024 Autoridades de seguridad y presuntos criminales se enfrentaron en un ataque armado durante [&hellip;]<\/p>\n","protected":false},"author":1,"featured_media":5655,"comment_status":"open","ping_status":"open","sticky":false,"template":"","format":"standard","meta":{"content-type":"","footnotes":""},"categories":[105,113,9],"tags":[],"class_list":{"0":"post-5654","1":"post","2":"type-post","3":"status-publish","4":"format-standard","5":"has-post-thumbnail","7":"category-principal","8":"category-seguridad","9":"category-sonora"},"_links":{"self":[{"href":"https:\/\/www.regioncuatronoticias.com\/index.php\/wp-json\/wp\/v2\/posts\/5654","targetHints":{"allow":["GET"]}}],"collection":[{"href":"https:\/\/www.regioncuatronoticias.com\/index.php\/wp-json\/wp\/v2\/posts"}],"about":[{"href":"https:\/\/www.regioncuatronoticias.com\/index.php\/wp-json\/wp\/v2\/types\/post"}],"author":[{"embeddable":true,"href":"https:\/\/www.regioncuatronoticias.com\/index.php\/wp-json\/wp\/v2\/users\/1"}],"replies":[{"embeddable":true,"href":"https:\/\/www.regioncuatronoticias.com\/index.php\/wp-json\/wp\/v2\/comments?post=5654"}],"version-history":[{"count":1,"href":"https:\/\/www.regioncuatronoticias.com\/index.php\/wp-json\/wp\/v2\/posts\/5654\/revisions"}],"predecessor-version":[{"id":5656,"href":"https:\/\/www.regioncuatronoticias.com\/index.php\/wp-json\/wp\/v2\/posts\/5654\/revisions\/5656"}],"wp:featuredmedia":[{"embeddable":true,"href":"https:\/\/www.regioncuatronoticias.com\/index.php\/wp-json\/wp\/v2\/media\/5655"}],"wp:attachment":[{"href":"https:\/\/www.regioncuatronoticias.com\/index.php\/wp-json\/wp\/v2\/media?parent=5654"}],"wp:term":[{"taxonomy":"category","embeddable":true,"href":"https:\/\/www.regioncuatronoticias.com\/index.php\/wp-json\/wp\/v2\/categories?post=5654"},{"taxonomy":"post_tag","embeddable":true,"href":"https:\/\/www.regioncuatronoticias.com\/index.php\/wp-json\/wp\/v2\/tags?post=5654"}],"curies":[{"name":"wp","href":"https:\/\/api.w.org\/{rel}","templated":true}]}}