{"id":5628,"date":"2024-02-16T19:55:40","date_gmt":"2024-02-17T02:55:40","guid":{"rendered":"https:\/\/www.regioncuatronoticias.com\/?p=5628"},"modified":"2024-02-16T19:55:41","modified_gmt":"2024-02-17T02:55:41","slug":"pide-xochitl-galvez-al-presidente-lopez-obrador-aclarar-acusacion-del-grupo-criminal-los-ardillos","status":"publish","type":"post","link":"https:\/\/www.regioncuatronoticias.com\/index.php\/2024\/02\/16\/pide-xochitl-galvez-al-presidente-lopez-obrador-aclarar-acusacion-del-grupo-criminal-los-ardillos\/","title":{"rendered":"Pide X\u00f3chitl G\u00e1lvez al Presidente L\u00f3pez Obrador aclarar acusaci\u00f3n del grupo criminal \u2018Los Ardillos\u2019"},"content":{"rendered":"\n<p>&nbsp;-La FGR tambi\u00e9n debe investigar a Mario Delgado, l\u00edder de Morena, por sus presuntos nexos con empresario ligado al huachicol<\/p>\n\n\n\n<p>X\u00f3chitl G\u00e1lvez Ruiz afirm\u00f3 que el Presidente de la Rep\u00fablica, Andr\u00e9s Manuel L\u00f3pez Obrador, est\u00e1 obligado a investigar, denunciar y aclarar ante la Fiscal\u00eda General de la Rep\u00fablica (FGR) el presunto financiamiento a su campa\u00f1a del 2006 por parte de un l\u00edder del grupo criminal \u201cLos Ardillos\u201d, quien en esa \u00e9poca era alto mando de los Zetas.<\/p>\n\n\n\n<p>&nbsp;La ingeniera asegur\u00f3 que ante esta nueva acusaci\u00f3n, que relaciona a L\u00f3pez Obrador con otro grupo delincuencial, urge que el titular del Ejecutivo Federal presente las demandas por difamaci\u00f3n.<\/p>\n\n\n\n<p>\u201cYo creo que el Presidente est\u00e1 obligado a que se abra una investigaci\u00f3n. Tiene a los personajes a la mano, puede, pues no s\u00e9, entrevistar a la persona que est\u00e1 en la c\u00e1rcel y contrastar con la persona que lo denuncia, porque luego acusa que nosotros inventamos una campa\u00f1a de bots, pues m\u00e1s bien \u00e9l tendr\u00eda que investigar este hecho y yo lo invitar\u00eda tambi\u00e9n a que pues denuncie ante la Fiscal\u00eda General de la Rep\u00fablica esta difamaci\u00f3n por parte de \u2018Los Ardillos\u2019 y que la Fiscal\u00eda General de la Rep\u00fablica abra una investigaci\u00f3n sobre si el Presidente recibi\u00f3 o no recursos de este grupo delictivo\u201d, dijo durante la Conferencia de la Verdad.<\/p>\n\n\n\n<p>Agreg\u00f3 que es un se\u00f1alamiento extremadamente delicado porque no se trata de cualquier personaje p\u00fablico sino del propio Presidente de nuestra naci\u00f3n, quien encabeza las pol\u00edticas p\u00fablicas del pa\u00eds.&nbsp;<\/p>\n\n\n\n<p>&nbsp;\u201cEstamos hablando del Presidente de la Rep\u00fablica y no es un invento de la oposici\u00f3n. Nosotros no tenemos nada que ver con estas aseveraciones que hace este grupo criminal\u201d, aclar\u00f3.<\/p>\n\n\n\n<p>En otro tema, G\u00e1lvez Ruiz tambi\u00e9n pidi\u00f3 que la FGR investigue a profundidad los presuntos nexos que el dirigente nacional de Morena, Mario Delgado, mantuvo con el fallecido Sergio Carmona, empresario que fue investigado por la Unidad de Inteligencia Financiera (UIF) por los delitos de contrabando de hidrocarburos.<\/p>\n\n\n\n<p>\u201cA Mario Delgado s\u00ed se le vio en los aviones de Carmona, en las camionetas de Carmona, hay un medio de Nuevo Le\u00f3n que ha sacado el caso\u201d, coment\u00f3 la hidalguense.<\/p>\n\n\n\n<p>&nbsp;Por otra parte, tambi\u00e9n conden\u00f3 los ataques del Presidente contra el grupo de transportistas que ayer se manifest\u00f3 en todo el pa\u00eds para exigir m\u00e1s seguridad en las carreteras, a quien el Mandatario Federal llam\u00f3 \u201cconservadores, oportunistas y corruptos\u201d.<\/p>\n","protected":false},"excerpt":{"rendered":"<p>&nbsp;-La FGR tambi\u00e9n debe investigar a Mario Delgado, l\u00edder de Morena, por sus presuntos nexos con empresario ligado al huachicol X\u00f3chitl G\u00e1lvez Ruiz afirm\u00f3 que el Presidente de la Rep\u00fablica, Andr\u00e9s Manuel L\u00f3pez Obrador, est\u00e1 obligado a investigar, denunciar y aclarar ante la Fiscal\u00eda General de la Rep\u00fablica (FGR) el presunto financiamiento a su campa\u00f1a [&hellip;]<\/p>\n","protected":false},"author":1,"featured_media":5629,"comment_status":"open","ping_status":"open","sticky":false,"template":"","format":"standard","meta":{"content-type":"","footnotes":""},"categories":[123],"tags":[],"class_list":{"0":"post-5628","1":"post","2":"type-post","3":"status-publish","4":"format-standard","5":"has-post-thumbnail","7":"category-elecciones2024"},"_links":{"self":[{"href":"https:\/\/www.regioncuatronoticias.com\/index.php\/wp-json\/wp\/v2\/posts\/5628","targetHints":{"allow":["GET"]}}],"collection":[{"href":"https:\/\/www.regioncuatronoticias.com\/index.php\/wp-json\/wp\/v2\/posts"}],"about":[{"href":"https:\/\/www.regioncuatronoticias.com\/index.php\/wp-json\/wp\/v2\/types\/post"}],"author":[{"embeddable":true,"href":"https:\/\/www.regioncuatronoticias.com\/index.php\/wp-json\/wp\/v2\/users\/1"}],"replies":[{"embeddable":true,"href":"https:\/\/www.regioncuatronoticias.com\/index.php\/wp-json\/wp\/v2\/comments?post=5628"}],"version-history":[{"count":1,"href":"https:\/\/www.regioncuatronoticias.com\/index.php\/wp-json\/wp\/v2\/posts\/5628\/revisions"}],"predecessor-version":[{"id":5630,"href":"https:\/\/www.regioncuatronoticias.com\/index.php\/wp-json\/wp\/v2\/posts\/5628\/revisions\/5630"}],"wp:featuredmedia":[{"embeddable":true,"href":"https:\/\/www.regioncuatronoticias.com\/index.php\/wp-json\/wp\/v2\/media\/5629"}],"wp:attachment":[{"href":"https:\/\/www.regioncuatronoticias.com\/index.php\/wp-json\/wp\/v2\/media?parent=5628"}],"wp:term":[{"taxonomy":"category","embeddable":true,"href":"https:\/\/www.regioncuatronoticias.com\/index.php\/wp-json\/wp\/v2\/categories?post=5628"},{"taxonomy":"post_tag","embeddable":true,"href":"https:\/\/www.regioncuatronoticias.com\/index.php\/wp-json\/wp\/v2\/tags?post=5628"}],"curies":[{"name":"wp","href":"https:\/\/api.w.org\/{rel}","templated":true}]}}