{"id":5551,"date":"2024-02-14T22:04:47","date_gmt":"2024-02-15T05:04:47","guid":{"rendered":"https:\/\/www.regioncuatronoticias.com\/?p=5551"},"modified":"2024-02-14T22:04:48","modified_gmt":"2024-02-15T05:04:48","slug":"congreso-de-sonora-aprueba-nombramiento-de-nuevo-titular-de-secretaria-de-seguridad-estatal","status":"publish","type":"post","link":"https:\/\/www.regioncuatronoticias.com\/index.php\/2024\/02\/14\/congreso-de-sonora-aprueba-nombramiento-de-nuevo-titular-de-secretaria-de-seguridad-estatal\/","title":{"rendered":"Congreso de Sonora aprueba nombramiento de nuevo titular de secretaria de Seguridad estatal"},"content":{"rendered":"\n<p>El Congreso de Sonora aprob\u00f3 el nombramiento, remitido por el gobernador del estado, del ciudadano V\u00edctor Hugo Enr\u00edquez Garc\u00eda como secretario de Seguridad P\u00fablica.<\/p>\n\n\n\n<p>Con base en el acuerdo que, en nombre de la Comisi\u00f3n de R\u00e9gimen Interno y Concertaci\u00f3n Pol\u00edtica (Cricp), dio lectura la diputada Paloma Ter\u00e1n Villalobos (PES), el Art\u00edculo 32 BIS de la Ley de Seguridad P\u00fablica para el Estado de Sonora dispone que el Poder Legislativo se pronuncie, aprobando o rechazando, el nombramiento que haga el titular del Poder Ejecutivo estatal, en un plazo de diez d\u00edas h\u00e1biles.<\/p>\n\n\n\n<p>Ter\u00e1n Villalobos expuso que quien ostentar\u00e1 el nombramiento ha sido titular de la Coordinaci\u00f3n Nacional Antisecuestro (CONASE) y de la Divisi\u00f3n de Investigaci\u00f3n de la Polic\u00eda Federal, entre otros cargos directivos y operativos en el \u00e1mbito policial. De sus antecedentes acad\u00e9micos destaca un doctorado en Administraci\u00f3n P\u00fablica, una maestr\u00eda en Ciencias Penales y una especialidad en Inteligencia Estrat\u00e9gica.<\/p>\n\n\n\n<p>El pasado 7 de febrero, el gobernador Alfonso Durazo anunci\u00f3 que que propondr\u00eda a Enr\u00edquez Garc\u00eda como secretario de Seguridad, afirmando que es un polic\u00eda con \u201cuna formaci\u00f3n acad\u00e9mica extraordinaria\u201c.<\/p>\n\n\n\n<p>\u201cTuve la fortuna de conocerlo en la Secretaria de Seguridad y Protecci\u00f3n Ciudadana, ah\u00ed \u00e9l era el coordinador nacional de la Comisi\u00f3n Antisecuestro (\u2026) es un polic\u00eda de carrera\u201c, record\u00f3.<\/p>\n","protected":false},"excerpt":{"rendered":"<p>El Congreso de Sonora aprob\u00f3 el nombramiento, remitido por el gobernador del estado, del ciudadano V\u00edctor Hugo Enr\u00edquez Garc\u00eda como secretario de Seguridad P\u00fablica. Con base en el acuerdo que, en nombre de la Comisi\u00f3n de R\u00e9gimen Interno y Concertaci\u00f3n Pol\u00edtica (Cricp), dio lectura la diputada Paloma Ter\u00e1n Villalobos (PES), el Art\u00edculo 32 BIS de [&hellip;]<\/p>\n","protected":false},"author":1,"featured_media":5552,"comment_status":"open","ping_status":"open","sticky":false,"template":"","format":"standard","meta":{"content-type":"","footnotes":""},"categories":[9],"tags":[],"class_list":{"0":"post-5551","1":"post","2":"type-post","3":"status-publish","4":"format-standard","5":"has-post-thumbnail","7":"category-sonora"},"_links":{"self":[{"href":"https:\/\/www.regioncuatronoticias.com\/index.php\/wp-json\/wp\/v2\/posts\/5551","targetHints":{"allow":["GET"]}}],"collection":[{"href":"https:\/\/www.regioncuatronoticias.com\/index.php\/wp-json\/wp\/v2\/posts"}],"about":[{"href":"https:\/\/www.regioncuatronoticias.com\/index.php\/wp-json\/wp\/v2\/types\/post"}],"author":[{"embeddable":true,"href":"https:\/\/www.regioncuatronoticias.com\/index.php\/wp-json\/wp\/v2\/users\/1"}],"replies":[{"embeddable":true,"href":"https:\/\/www.regioncuatronoticias.com\/index.php\/wp-json\/wp\/v2\/comments?post=5551"}],"version-history":[{"count":1,"href":"https:\/\/www.regioncuatronoticias.com\/index.php\/wp-json\/wp\/v2\/posts\/5551\/revisions"}],"predecessor-version":[{"id":5553,"href":"https:\/\/www.regioncuatronoticias.com\/index.php\/wp-json\/wp\/v2\/posts\/5551\/revisions\/5553"}],"wp:featuredmedia":[{"embeddable":true,"href":"https:\/\/www.regioncuatronoticias.com\/index.php\/wp-json\/wp\/v2\/media\/5552"}],"wp:attachment":[{"href":"https:\/\/www.regioncuatronoticias.com\/index.php\/wp-json\/wp\/v2\/media?parent=5551"}],"wp:term":[{"taxonomy":"category","embeddable":true,"href":"https:\/\/www.regioncuatronoticias.com\/index.php\/wp-json\/wp\/v2\/categories?post=5551"},{"taxonomy":"post_tag","embeddable":true,"href":"https:\/\/www.regioncuatronoticias.com\/index.php\/wp-json\/wp\/v2\/tags?post=5551"}],"curies":[{"name":"wp","href":"https:\/\/api.w.org\/{rel}","templated":true}]}}