{"id":5543,"date":"2024-02-14T22:01:37","date_gmt":"2024-02-15T05:01:37","guid":{"rendered":"https:\/\/www.regioncuatronoticias.com\/?p=5543"},"modified":"2024-02-14T22:01:39","modified_gmt":"2024-02-15T05:01:39","slug":"realizaran-marcha-por-nuestra-democracia-el-proximo-domingo","status":"publish","type":"post","link":"https:\/\/www.regioncuatronoticias.com\/index.php\/2024\/02\/14\/realizaran-marcha-por-nuestra-democracia-el-proximo-domingo\/","title":{"rendered":"Realizar\u00e1n \u201cMarcha por nuestra democracia\u201d el pr\u00f3ximo domingo"},"content":{"rendered":"\n<p>Hermosillo Sonora.- El pr\u00f3ximo domingo integrantes de diferente organismos de la sociedad civil realizar\u00e1n la \u201cMarcha por nuestra democracia\u201d en Hermosillo y 6 ciudades m\u00e1s de Sonora y 110 en el Pa\u00eds.<\/p>\n\n\n\n<p>Norma Abril, Coordinadora estatal de \u201cPoder Ciudadano\u201d, inform\u00f3 de esta marcha que iniciar\u00e1 a la 10:00 de la ma\u00f1ana, desde la plaza Emiliana de Zubeld\u00eda a la Plaza Zaragoza.<\/p>\n\n\n\n<p>\u201c\u00bfY por qu\u00e9 vamos a marchar? Para defender la Rep\u00fablica, la Constituci\u00f3n, al INE y los organismos aut\u00f3nomos; para defender en M\u00e9xico de la concentraci\u00f3n del poder de los que s\u00ed nos quieren regresar al pasado. Es por eso que nosotros estamos ahorita protegiendo y defendiendo nuestra democracia\u201d, inform\u00f3 en conferencia de prensa.<\/p>\n\n\n\n<p>Invitaron a la ciudadan\u00eda a participar en esta marcha que se llevar\u00e1 a cabo tambi\u00e9n en \u00c1lamos, Navojoa, Huatabampo, Ciudad Obreg\u00f3n, Guaymas y Nogales, la cual es convocada por las organizaciones que forman parte de Unidos, como: Poder Ciudadano, Sociedad Civil M\u00e9xico, S\u00ed por M\u00e9xico, UNE M\u00e9xico, Unidos por M\u00e9xico y Frente C\u00edvico Nacional, as\u00ed como de 100 organizaciones nacionales.<\/p>\n","protected":false},"excerpt":{"rendered":"<p>Hermosillo Sonora.- El pr\u00f3ximo domingo integrantes de diferente organismos de la sociedad civil realizar\u00e1n la \u201cMarcha por nuestra democracia\u201d en Hermosillo y 6 ciudades m\u00e1s de Sonora y 110 en el Pa\u00eds. Norma Abril, Coordinadora estatal de \u201cPoder Ciudadano\u201d, inform\u00f3 de esta marcha que iniciar\u00e1 a la 10:00 de la ma\u00f1ana, desde la plaza Emiliana [&hellip;]<\/p>\n","protected":false},"author":1,"featured_media":5546,"comment_status":"open","ping_status":"open","sticky":false,"template":"","format":"standard","meta":{"content-type":"","footnotes":""},"categories":[123],"tags":[],"class_list":{"0":"post-5543","1":"post","2":"type-post","3":"status-publish","4":"format-standard","5":"has-post-thumbnail","7":"category-elecciones2024"},"_links":{"self":[{"href":"https:\/\/www.regioncuatronoticias.com\/index.php\/wp-json\/wp\/v2\/posts\/5543","targetHints":{"allow":["GET"]}}],"collection":[{"href":"https:\/\/www.regioncuatronoticias.com\/index.php\/wp-json\/wp\/v2\/posts"}],"about":[{"href":"https:\/\/www.regioncuatronoticias.com\/index.php\/wp-json\/wp\/v2\/types\/post"}],"author":[{"embeddable":true,"href":"https:\/\/www.regioncuatronoticias.com\/index.php\/wp-json\/wp\/v2\/users\/1"}],"replies":[{"embeddable":true,"href":"https:\/\/www.regioncuatronoticias.com\/index.php\/wp-json\/wp\/v2\/comments?post=5543"}],"version-history":[{"count":1,"href":"https:\/\/www.regioncuatronoticias.com\/index.php\/wp-json\/wp\/v2\/posts\/5543\/revisions"}],"predecessor-version":[{"id":5547,"href":"https:\/\/www.regioncuatronoticias.com\/index.php\/wp-json\/wp\/v2\/posts\/5543\/revisions\/5547"}],"wp:featuredmedia":[{"embeddable":true,"href":"https:\/\/www.regioncuatronoticias.com\/index.php\/wp-json\/wp\/v2\/media\/5546"}],"wp:attachment":[{"href":"https:\/\/www.regioncuatronoticias.com\/index.php\/wp-json\/wp\/v2\/media?parent=5543"}],"wp:term":[{"taxonomy":"category","embeddable":true,"href":"https:\/\/www.regioncuatronoticias.com\/index.php\/wp-json\/wp\/v2\/categories?post=5543"},{"taxonomy":"post_tag","embeddable":true,"href":"https:\/\/www.regioncuatronoticias.com\/index.php\/wp-json\/wp\/v2\/tags?post=5543"}],"curies":[{"name":"wp","href":"https:\/\/api.w.org\/{rel}","templated":true}]}}