{"id":5513,"date":"2024-02-14T10:07:01","date_gmt":"2024-02-14T17:07:01","guid":{"rendered":"https:\/\/www.regioncuatronoticias.com\/?p=5513"},"modified":"2024-02-14T10:07:05","modified_gmt":"2024-02-14T17:07:05","slug":"que-buen-chiste","status":"publish","type":"post","link":"https:\/\/www.regioncuatronoticias.com\/index.php\/2024\/02\/14\/que-buen-chiste\/","title":{"rendered":"Qu\u00e9 buen chiste"},"content":{"rendered":"\n<p><strong>Corren Rumores<\/strong><\/p>\n\n\n\n<p><strong>Hilario Olea<\/strong><\/p>\n\n\n\n<p><strong>Qu\u00e9 buen chiste<\/strong><\/p>\n\n\n\n<p><strong>Mi\u00e9rcoles 14 de febrero del 2024<\/strong><\/p>\n\n\n\n<p><strong>DIO DOS BUENAS\u2026<\/strong> En la ma\u00f1anera del martes, el presidente L\u00f3pez Obrador se avent\u00f3 dos puntadas. Una buena, que es el anuncio de que podr\u00eda firmarse un convenio para que el subsidio el\u00e9ctrico de verano se quede de manera permanente y&nbsp; que los gobernadores en turno no tengan que andar tocando puertas para que a\u00f1o con a\u00f1o autoricen el subsidio.&nbsp; Esto se har\u00e1 en la pr\u00f3xima gira a Sonora, lo que ser\u00e1 punto bueno para las gestiones del gobernador Alfonso Durazo. Pero luego dio otro puntacho que provoc\u00f3 la risa general, no de las focas y chayochairos ma\u00f1aneros, sino&nbsp; de todo el pa\u00eds, al asegurar que \u201creconocer\u00e1&nbsp; a quien gane la pr\u00f3xima elecci\u00f3n presidencial aunque no sea Claudia Sheinbaum\u201d. Cof, cof, cof. Perd\u00f3n me ahogu\u00e9 de la risa. Es m\u00e1s cre\u00edble que nos hubiera dicho que para este verano enviar\u00e1 un decreto para que no haga calor en Sonora.<\/p>\n\n\n\n<p><strong>NUNCA EN LA VIDA\u2026<\/strong> Es obvio que el presidente L\u00f3pez Obrador se siente seguro de que ganar\u00e1 las elecciones. Y digo que ganar\u00e1, porque&nbsp; tambi\u00e9n resulta redundante decir que es quien gobernar\u00e1 en el pr\u00f3ximo sexenio. Por eso se anima a aventarse la puntada de que aceptar\u00e1 los resultados electorales. Porfa. A ver. \u00bfCu\u00e1ndo ha reconocido una derrota? Nunca. Los \u00fanicos resultados que ha aceptado es cuando gana. Otros resultaos siempre les pone tache. Adem\u00e1s, en temas electorales nunca ha hablado con la verdad. Recordar cuando dijo que lo dieran por muerto,&nbsp; que ya no volver\u00eda a contender, a sabiendas de que preparaba su m\u00e1s larga precampa\u00f1a. Por lo mismo, en el improbable caso de que X\u00f3chitl haga la chica o sea algo as\u00ed como si el Cruz Azul le ganara al Barcelona,&nbsp; de una vez prep\u00e1rese, porque no aceptar\u00e1 la derrota.<\/p>\n\n\n\n<p><strong>C\u00c1RCEL DE POR MEDIO\u2026<\/strong> Para empezar, nunca de los nuncas, podr\u00eda aceptar una derrota porque en eso le va la c\u00e1rcel. Se imaginan que se abran todos los expedientes de las obras fara\u00f3nicas que han triplicado costos y han hecho puro cochinero. Se imaginan una comisi\u00f3n de la verdad para conocer c\u00f3mo es que murieron m\u00e1s de 800 mil mexicanos por Covid. Por qu\u00e9 la tolerancia a los grupos criminales para que se adue\u00f1en del pa\u00eds. Adem\u00e1s, se investigar\u00eda a la familia que se han vuelto millonarios de la noche a la ma\u00f1ana. Pufff. Horror. De ser un h\u00e9roe y nuevo padre de la patria, pasar\u00eda a ser uno de los pol\u00edticos m\u00e1s buscados por la justicia. D\u00edaz Ordaz y Echeverr\u00eda se quedar\u00edan cortos.<\/p>\n\n\n\n<p><strong>NUEVO DUE\u00d1O DE LA CHEQUERA\u2026<\/strong> Sabe el presidente&nbsp; que no puede perder, porque de entrada perder\u00eda el control de la chequera de los recursos p\u00fablicos. Las pensiones y programas sociales vendr\u00edan de otras manos. Ser\u00edan a otros a los que ahora agradecer\u00edan los mexicanos y no habr\u00eda forma de que recurriera al pueblo sabio para que lo salvara. Peor a\u00fan si adem\u00e1s pierde el control del Congreso de la Uni\u00f3n. Eso ser\u00eda \u201cla muelte, chico, la muelte\u201d. Por eso resulta absurdo pensar que el presidente no haga hasta lo imposible, legal o no legal, para mantener el control del gobierno. De ah\u00ed que haya provocado risa eso que dijo que respetar\u00e1 el resultado de la elecci\u00f3n presidencial porque \u201cel pueblo es quien tiene la \u00faltima decisi\u00f3n y eso, se respeta. El pueblo manda y si se equivoca vuelve a mandar y, lo voy a decir, la voz del pueblo es la voz de Dios, la voz de la historia y ya entonces imag\u00ednese nosotros le debemos todo, todo es el pueblo, el que nos ha sacado en los momentos m\u00e1s dif\u00edciles\u201d. Solo falt\u00f3 rematar, con aquello de que no olviden, el pueblo soy yo.<\/p>\n\n\n\n<p><strong>QU\u00c9 MANDA SE IMPODR\u00c1N\u2026<\/strong> Inicia la Cuaresma con el Mi\u00e9rcoles de Ceniza. Recuerden, sobre todo los pol\u00edticos soberbios, de que polvo son y en polvo se convertir\u00e1n. Digo, para eso que cuando les llega un mugre hueso se sienten inmortales. Bueno, pero como desayuna, comen y cenan soberbia, poco les har\u00e1 que se pongan ceniza o hasta cemento en la frente. Bueno, esto es para recordarles que hay que imponerse una penitencia por peque\u00f1a que sea.&nbsp; Unos dejan de fumar, de tomar sodas o renunciar a las tortillas. Otros reciclan los buenos prop\u00f3sitos de a\u00f1o nuevo y&nbsp; hasta ofrecen dietas, no ayunos, dietas, y adem\u00e1s meterse al gimnasio.&nbsp; Pero bueno, lo importante es imponerse alguna manda para probar que tanta disciplina tenemos de nuestra mente y de nuestro cuerpo. Cada quien sabr\u00e1 que hacer y a quien ofrecerle este peque\u00f1o sacrificio. Solo son 40 d\u00edas. Van a ver que si lo hacen bien se pueden eliminar malos&nbsp; h\u00e1bitos y defectos, para sustituirlos por buenos h\u00e1bitos y alguna virtud muy necesaria.<\/p>\n\n\n\n<p><strong>D\u00cdA DE SAN VALENT\u00cdN<\/strong>\u2026 Vaya con la coincidencia, porque este mi\u00e9rcoles 14 de febrero coincidir\u00e1n&nbsp; el D\u00eda de San Valent\u00edn con el Mi\u00e9rcoles de Ceniza. Se imaginan, el inicio de la \u00e9poca de recogimiento y reflexi\u00f3n, con el d\u00eda del destrampe. Se llenan las iglesias, pero m\u00e1s se llenan los antros y los hoteles de paso. Estamos en una era de la mera contradicci\u00f3n,&nbsp; y la tendencia, m\u00e1s que tendencia el tobog\u00e1n, va para peor. Pero bueno,&nbsp; lo mejor celebrar el d\u00eda del Amor y la Amistad como debe ser, sin abusos ni excesos. Y sobre todo iniciar bien la Cuaresma. Eso si, los chicos de ma\u00edz con chile, la capiro y las alb\u00f3ndigas de pescado no las pienso perdonar con el Burro Feliz.<\/p>\n\n\n\n<p>En fin, recuerden que es Mi\u00e9rcoles de Ceniza, por eso no olviden lo que dec\u00eda el Padre Nacho, comer capirotada no es pecado, cuando es menos de un kilo. Sale.<\/p>\n\n\n\n<p><strong>S\u00edganos en cuenta de X o Twitter&nbsp; @hilario Olea<\/strong><\/p>\n\n\n\n<p><strong>Pueden vernos de lunes a viernes de 8 a 9 de la noche en nuestro canal de&nbsp; Youtube<\/strong><\/p>\n\n\n\n<p><strong>Entre Todos Digital.<\/strong><\/p>\n\n\n\n<p><strong>Sigan nuestras redes sociales<\/strong><\/p>\n","protected":false},"excerpt":{"rendered":"<p>Corren Rumores Hilario Olea Qu\u00e9 buen chiste Mi\u00e9rcoles 14 de febrero del 2024 DIO DOS BUENAS\u2026 En la ma\u00f1anera del martes, el presidente L\u00f3pez Obrador se avent\u00f3 dos puntadas. Una buena, que es el anuncio de que podr\u00eda firmarse un convenio para que el subsidio el\u00e9ctrico de verano se quede de manera permanente y&nbsp; que [&hellip;]<\/p>\n","protected":false},"author":1,"featured_media":0,"comment_status":"open","ping_status":"open","sticky":false,"template":"","format":"standard","meta":{"content-type":"","footnotes":""},"categories":[121],"tags":[],"class_list":{"0":"post-5513","1":"post","2":"type-post","3":"status-publish","4":"format-standard","6":"category-hilarioolea"},"_links":{"self":[{"href":"https:\/\/www.regioncuatronoticias.com\/index.php\/wp-json\/wp\/v2\/posts\/5513","targetHints":{"allow":["GET"]}}],"collection":[{"href":"https:\/\/www.regioncuatronoticias.com\/index.php\/wp-json\/wp\/v2\/posts"}],"about":[{"href":"https:\/\/www.regioncuatronoticias.com\/index.php\/wp-json\/wp\/v2\/types\/post"}],"author":[{"embeddable":true,"href":"https:\/\/www.regioncuatronoticias.com\/index.php\/wp-json\/wp\/v2\/users\/1"}],"replies":[{"embeddable":true,"href":"https:\/\/www.regioncuatronoticias.com\/index.php\/wp-json\/wp\/v2\/comments?post=5513"}],"version-history":[{"count":1,"href":"https:\/\/www.regioncuatronoticias.com\/index.php\/wp-json\/wp\/v2\/posts\/5513\/revisions"}],"predecessor-version":[{"id":5514,"href":"https:\/\/www.regioncuatronoticias.com\/index.php\/wp-json\/wp\/v2\/posts\/5513\/revisions\/5514"}],"wp:attachment":[{"href":"https:\/\/www.regioncuatronoticias.com\/index.php\/wp-json\/wp\/v2\/media?parent=5513"}],"wp:term":[{"taxonomy":"category","embeddable":true,"href":"https:\/\/www.regioncuatronoticias.com\/index.php\/wp-json\/wp\/v2\/categories?post=5513"},{"taxonomy":"post_tag","embeddable":true,"href":"https:\/\/www.regioncuatronoticias.com\/index.php\/wp-json\/wp\/v2\/tags?post=5513"}],"curies":[{"name":"wp","href":"https:\/\/api.w.org\/{rel}","templated":true}]}}