{"id":5496,"date":"2024-02-13T22:49:04","date_gmt":"2024-02-14T05:49:04","guid":{"rendered":"https:\/\/www.regioncuatronoticias.com\/?p=5496"},"modified":"2024-02-13T22:55:21","modified_gmt":"2024-02-14T05:55:21","slug":"mueren-militar-y-delincuente-en-enfrentamiento-armado-en-caborca","status":"publish","type":"post","link":"https:\/\/www.regioncuatronoticias.com\/index.php\/2024\/02\/13\/mueren-militar-y-delincuente-en-enfrentamiento-armado-en-caborca\/","title":{"rendered":"Mueren militar y delincuente en enfrentamiento armado en Caborca"},"content":{"rendered":"\n<p>Un militar y un presunto delincuente sin vida, fue el saldo que dej\u00f3 un enfrentamiento armado en hechos ocurridos en la madrugada de este martes<\/p>\n\n\n\n<p>Martes 13 de febrero de 2024<\/p>\n\n\n\n<p>En Caborca, Sonora, un enfrentamiento armado ocurrido en la madrugada de este martes dej\u00f3 como saldo un militar y un presunto delincuente sin vida. Alrededor de la 1:00 a.m., varias camionetas de la Secretar\u00eda de la Defensa Nacional (Sedena) iniciaron una persecuci\u00f3n por las calles de la localidad. Seg\u00fan los primeros reportes, una de las unidades embisti\u00f3 a un veh\u00edculo abordado por los presuntos delincuentes, desencadenando el enfrentamiento armado.<\/p>\n\n\n\n<p>El intercambio de balas result\u00f3 en la muerte de un cabo de infanter\u00eda y un presunto sicario. Adem\u00e1s, se logr\u00f3 detener a dos presuntos delincuentes, quienes fueron presentados ante la autoridad investigadora.<\/p>\n\n\n\n<p>Por otro lado, se inform\u00f3 que uno de los elementos de las fuerzas castrenses result\u00f3 herido y fue trasladado a un hospital para recibir atenci\u00f3n m\u00e9dica. Su estado actual de salud a\u00fan es desconocido.<\/p>\n\n\n\n<p>De manera extraoficial, se revel\u00f3 que el efectivo de las Fuerzas Armadas que perdi\u00f3 la vida ten\u00eda 23 a\u00f1os de edad y estaba destacado en la 45va Zona Militar, con sede en las ciudades fronterizas de Sonora.<\/p>\n\n\n\n<p>Hasta el momento, su identidad no ha sido confirmada, pero se sabe que su fallecimiento se debi\u00f3 a una herida de arma de fuego en el t\u00f3rax.<\/p>\n\n\n\n<p>Adem\u00e1s, se ha trascendido que dos presuntos delincuentes lograron escapar tras el enfrentamiento, huyendo a bordo de un veh\u00edculo con rumbo desconocido.<\/p>\n","protected":false},"excerpt":{"rendered":"<p>Un militar y un presunto delincuente sin vida, fue el saldo que dej\u00f3 un enfrentamiento armado en hechos ocurridos en la madrugada de este martes Martes 13 de febrero de 2024 En Caborca, Sonora, un enfrentamiento armado ocurrido en la madrugada de este martes dej\u00f3 como saldo un militar y un presunto delincuente sin vida. [&hellip;]<\/p>\n","protected":false},"author":1,"featured_media":5497,"comment_status":"open","ping_status":"open","sticky":false,"template":"","format":"standard","meta":{"content-type":"","footnotes":""},"categories":[117,113,9],"tags":[],"class_list":{"0":"post-5496","1":"post","2":"type-post","3":"status-publish","4":"format-standard","5":"has-post-thumbnail","7":"category-general","8":"category-seguridad","9":"category-sonora"},"_links":{"self":[{"href":"https:\/\/www.regioncuatronoticias.com\/index.php\/wp-json\/wp\/v2\/posts\/5496","targetHints":{"allow":["GET"]}}],"collection":[{"href":"https:\/\/www.regioncuatronoticias.com\/index.php\/wp-json\/wp\/v2\/posts"}],"about":[{"href":"https:\/\/www.regioncuatronoticias.com\/index.php\/wp-json\/wp\/v2\/types\/post"}],"author":[{"embeddable":true,"href":"https:\/\/www.regioncuatronoticias.com\/index.php\/wp-json\/wp\/v2\/users\/1"}],"replies":[{"embeddable":true,"href":"https:\/\/www.regioncuatronoticias.com\/index.php\/wp-json\/wp\/v2\/comments?post=5496"}],"version-history":[{"count":1,"href":"https:\/\/www.regioncuatronoticias.com\/index.php\/wp-json\/wp\/v2\/posts\/5496\/revisions"}],"predecessor-version":[{"id":5498,"href":"https:\/\/www.regioncuatronoticias.com\/index.php\/wp-json\/wp\/v2\/posts\/5496\/revisions\/5498"}],"wp:featuredmedia":[{"embeddable":true,"href":"https:\/\/www.regioncuatronoticias.com\/index.php\/wp-json\/wp\/v2\/media\/5497"}],"wp:attachment":[{"href":"https:\/\/www.regioncuatronoticias.com\/index.php\/wp-json\/wp\/v2\/media?parent=5496"}],"wp:term":[{"taxonomy":"category","embeddable":true,"href":"https:\/\/www.regioncuatronoticias.com\/index.php\/wp-json\/wp\/v2\/categories?post=5496"},{"taxonomy":"post_tag","embeddable":true,"href":"https:\/\/www.regioncuatronoticias.com\/index.php\/wp-json\/wp\/v2\/tags?post=5496"}],"curies":[{"name":"wp","href":"https:\/\/api.w.org\/{rel}","templated":true}]}}