{"id":5493,"date":"2024-02-13T22:42:59","date_gmt":"2024-02-14T05:42:59","guid":{"rendered":"https:\/\/www.regioncuatronoticias.com\/?p=5493"},"modified":"2024-02-13T22:43:00","modified_gmt":"2024-02-14T05:43:00","slug":"alista-amlo-decreto-para-subsidio-electrico-en-sonora","status":"publish","type":"post","link":"https:\/\/www.regioncuatronoticias.com\/index.php\/2024\/02\/13\/alista-amlo-decreto-para-subsidio-electrico-en-sonora\/","title":{"rendered":"Alista AMLO decreto para subsidio el\u00e9ctrico en Sonora"},"content":{"rendered":"\n<p>Febrero 13 de 2024<\/p>\n\n\n\n<p>Febrero Ciudad de M\u00e9xico.- &#8220;Ya tengo el informe tanto de Hacienda como de la CFE y es muy probable ahora que voy a Sonora que se firme un decreto con ese prop\u00f3sito, tambi\u00e9n para que no se est\u00e9 renovando a\u00f1o con a\u00f1o, sino que quede establecido legalmente el apoyo a Sonora&#8221;, afirm\u00f3 el Presidente.<\/p>\n\n\n\n<p>El Mandatario destac\u00f3 su visita pr\u00f3xima al estado, durante la cual se espera la firma del mencionado decreto, as\u00ed como la inauguraci\u00f3n del acueducto en compa\u00f1\u00eda de los pueblos yaquis. Sobre este tema, el tabasque\u00f1o subray\u00f3: &#8220;Ellos son muy respetuosos de la semana Santa, entonces no vamos a hacer ning\u00fan acto, nada m\u00e1s es abrir la llave para el acueducto y hacer este anuncio que tiene que ver con el apoyo&#8221;.<\/p>\n\n\n\n<p>En cuanto al monto del subsidio y su posible aplicaci\u00f3n en otros estados, L\u00f3pez Obrador explic\u00f3: &#8220;Por lo pronto, Sonora, es probable que as\u00ed sea en otros estados, en donde ya a\u00f1o con a\u00f1os se apoye, ya lo que queremos es dejar establecido&#8221;. Sin embargo, a\u00fan no se ha confirmado el monto exacto del decreto, aunque se espera que se d\u00e9 a conocer pr\u00f3ximamente.<\/p>\n\n\n\n<p>La necesidad de este subsidio se hace evidente a ra\u00edz de las protestas en Sonora contra los altos cobros en los recibos de luz. En una manifestaci\u00f3n realizada el 10 de septiembre, cientos de sonorenses expresaron su preocupaci\u00f3n por la carga financiera que representa el consumo de energ\u00eda el\u00e9ctrica en un contexto de altas temperaturas.<\/p>\n\n\n\n<p>&#8220;Es urgente, en estos momentos es cuando m\u00e1s se requiere la responsabilidad de las autoridades para las familias sonorenses&#8221;, afirm\u00f3 uno de los l\u00edderes de la Uni\u00f3n de Usuarios de Hermosillo, quienes convocaron la protesta.<\/p>\n\n\n\n<p>La situaci\u00f3n es especialmente apremiante para familias de bajos recursos, como el caso de un ciudadano que mencion\u00f3 que su recibo de luz pas\u00f3 de mil 500 a 8 mil pesos en un mismo bimestre, a pesar de sus ingresos limitados.<\/p>\n\n\n\n<p>www.reforma.com<\/p>\n","protected":false},"excerpt":{"rendered":"<p>Febrero 13 de 2024 Febrero Ciudad de M\u00e9xico.- &#8220;Ya tengo el informe tanto de Hacienda como de la CFE y es muy probable ahora que voy a Sonora que se firme un decreto con ese prop\u00f3sito, tambi\u00e9n para que no se est\u00e9 renovando a\u00f1o con a\u00f1o, sino que quede establecido legalmente el apoyo a Sonora&#8221;, [&hellip;]<\/p>\n","protected":false},"author":1,"featured_media":5494,"comment_status":"open","ping_status":"open","sticky":false,"template":"","format":"standard","meta":{"content-type":"","footnotes":""},"categories":[117,105,9],"tags":[],"class_list":{"0":"post-5493","1":"post","2":"type-post","3":"status-publish","4":"format-standard","5":"has-post-thumbnail","7":"category-general","8":"category-principal","9":"category-sonora"},"_links":{"self":[{"href":"https:\/\/www.regioncuatronoticias.com\/index.php\/wp-json\/wp\/v2\/posts\/5493","targetHints":{"allow":["GET"]}}],"collection":[{"href":"https:\/\/www.regioncuatronoticias.com\/index.php\/wp-json\/wp\/v2\/posts"}],"about":[{"href":"https:\/\/www.regioncuatronoticias.com\/index.php\/wp-json\/wp\/v2\/types\/post"}],"author":[{"embeddable":true,"href":"https:\/\/www.regioncuatronoticias.com\/index.php\/wp-json\/wp\/v2\/users\/1"}],"replies":[{"embeddable":true,"href":"https:\/\/www.regioncuatronoticias.com\/index.php\/wp-json\/wp\/v2\/comments?post=5493"}],"version-history":[{"count":1,"href":"https:\/\/www.regioncuatronoticias.com\/index.php\/wp-json\/wp\/v2\/posts\/5493\/revisions"}],"predecessor-version":[{"id":5495,"href":"https:\/\/www.regioncuatronoticias.com\/index.php\/wp-json\/wp\/v2\/posts\/5493\/revisions\/5495"}],"wp:featuredmedia":[{"embeddable":true,"href":"https:\/\/www.regioncuatronoticias.com\/index.php\/wp-json\/wp\/v2\/media\/5494"}],"wp:attachment":[{"href":"https:\/\/www.regioncuatronoticias.com\/index.php\/wp-json\/wp\/v2\/media?parent=5493"}],"wp:term":[{"taxonomy":"category","embeddable":true,"href":"https:\/\/www.regioncuatronoticias.com\/index.php\/wp-json\/wp\/v2\/categories?post=5493"},{"taxonomy":"post_tag","embeddable":true,"href":"https:\/\/www.regioncuatronoticias.com\/index.php\/wp-json\/wp\/v2\/tags?post=5493"}],"curies":[{"name":"wp","href":"https:\/\/api.w.org\/{rel}","templated":true}]}}