{"id":5442,"date":"2024-02-11T22:56:03","date_gmt":"2024-02-12T05:56:03","guid":{"rendered":"https:\/\/www.regioncuatronoticias.com\/?p=5442"},"modified":"2024-02-11T22:56:05","modified_gmt":"2024-02-12T05:56:05","slug":"modifica-sec-horario-de-clases-en-31-municipios-de-la-entidad-por-bajas-temperaturas","status":"publish","type":"post","link":"https:\/\/www.regioncuatronoticias.com\/index.php\/2024\/02\/11\/modifica-sec-horario-de-clases-en-31-municipios-de-la-entidad-por-bajas-temperaturas\/","title":{"rendered":"Modifica SEC horario de clases en 31 municipios de la entidad por bajas temperaturas"},"content":{"rendered":"\n<p>Hermosillo, Sonora; 11 de febrero de 2024.- Por recomendaci\u00f3n de la Coordinaci\u00f3n Estatal de Protecci\u00f3n Civil (CEPC), el lunes 12 y martes 13 de febrero, se recorrer\u00e1 dos horas la entrada en el turno matutino y se adelantar\u00e1 dos horas la salida en el turno vespertino en las escuelas p\u00fablicas y privadas de nivel b\u00e1sico en 31 municipios de la entidad.<\/p>\n\n\n\n<p>El titular de la Secretar\u00eda de Educaci\u00f3n y Cultura (SEC) del Gobierno de Sonora, Aar\u00f3n Grageda Bustamante, precis\u00f3 que los municipios en los que se modificar\u00e1 el horario escolar son: S\u00e1ric, Tubutama, Santa Ana, Magdalena, Cucurpe, \u00cdmuris, Nogales, Santa Cruz, Cananea, Naco, Y\u00e9cora, Arizpe, Bacoachi y Fronteras.<\/p>\n\n\n\n<p>Asimismo, se incluye Agua Prieta, Bavispe, Nacozari, Bacerac, Cumpas, Moctezuma, Hu\u00e1sabas, Huachinera, Bacad\u00e9huachi, Granados, Divisaderos, Tepache, N\u00e1cori Chico, Sahuaripa, San Pedro de la Cueva, Arivechi y Bacanora.<\/p>\n\n\n\n<p>Grageda Bustamante resalt\u00f3 que la medida aplica para alumnos, docentes y personal de apoyo, ya que se pronostican temperaturas desde los -10\u00b0 hasta los 0\u00b0 grados cent\u00edgrados, as\u00ed como fuertes vientos, lluvias y ca\u00edda de nieve como consecuencia del paso de la s\u00e9ptima tormenta invernal.<\/p>\n\n\n\n<p>El funcionario estatal indic\u00f3 que en el resto de las escuelas de la entidad se mantendr\u00e1 el horario regular de clases, pero reforz\u00f3 el llamado a permanecer atentos a cualquier aviso que emitan las autoridades correspondientes a trav\u00e9s de los medios oficiales de informaci\u00f3n.<\/p>\n","protected":false},"excerpt":{"rendered":"<p>Hermosillo, Sonora; 11 de febrero de 2024.- Por recomendaci\u00f3n de la Coordinaci\u00f3n Estatal de Protecci\u00f3n Civil (CEPC), el lunes 12 y martes 13 de febrero, se recorrer\u00e1 dos horas la entrada en el turno matutino y se adelantar\u00e1 dos horas la salida en el turno vespertino en las escuelas p\u00fablicas y privadas de nivel b\u00e1sico [&hellip;]<\/p>\n","protected":false},"author":1,"featured_media":5443,"comment_status":"open","ping_status":"open","sticky":false,"template":"","format":"standard","meta":{"content-type":"","footnotes":""},"categories":[117,105,9],"tags":[],"class_list":{"0":"post-5442","1":"post","2":"type-post","3":"status-publish","4":"format-standard","5":"has-post-thumbnail","7":"category-general","8":"category-principal","9":"category-sonora"},"_links":{"self":[{"href":"https:\/\/www.regioncuatronoticias.com\/index.php\/wp-json\/wp\/v2\/posts\/5442","targetHints":{"allow":["GET"]}}],"collection":[{"href":"https:\/\/www.regioncuatronoticias.com\/index.php\/wp-json\/wp\/v2\/posts"}],"about":[{"href":"https:\/\/www.regioncuatronoticias.com\/index.php\/wp-json\/wp\/v2\/types\/post"}],"author":[{"embeddable":true,"href":"https:\/\/www.regioncuatronoticias.com\/index.php\/wp-json\/wp\/v2\/users\/1"}],"replies":[{"embeddable":true,"href":"https:\/\/www.regioncuatronoticias.com\/index.php\/wp-json\/wp\/v2\/comments?post=5442"}],"version-history":[{"count":1,"href":"https:\/\/www.regioncuatronoticias.com\/index.php\/wp-json\/wp\/v2\/posts\/5442\/revisions"}],"predecessor-version":[{"id":5444,"href":"https:\/\/www.regioncuatronoticias.com\/index.php\/wp-json\/wp\/v2\/posts\/5442\/revisions\/5444"}],"wp:featuredmedia":[{"embeddable":true,"href":"https:\/\/www.regioncuatronoticias.com\/index.php\/wp-json\/wp\/v2\/media\/5443"}],"wp:attachment":[{"href":"https:\/\/www.regioncuatronoticias.com\/index.php\/wp-json\/wp\/v2\/media?parent=5442"}],"wp:term":[{"taxonomy":"category","embeddable":true,"href":"https:\/\/www.regioncuatronoticias.com\/index.php\/wp-json\/wp\/v2\/categories?post=5442"},{"taxonomy":"post_tag","embeddable":true,"href":"https:\/\/www.regioncuatronoticias.com\/index.php\/wp-json\/wp\/v2\/tags?post=5442"}],"curies":[{"name":"wp","href":"https:\/\/api.w.org\/{rel}","templated":true}]}}