{"id":5418,"date":"2024-02-10T23:52:26","date_gmt":"2024-02-11T06:52:26","guid":{"rendered":"https:\/\/www.regioncuatronoticias.com\/?p=5418"},"modified":"2024-02-10T23:52:28","modified_gmt":"2024-02-11T06:52:28","slug":"quienes-eran-los-familiares-de-david-y-ricardo-monreal-asesinados-en-zacatecas","status":"publish","type":"post","link":"https:\/\/www.regioncuatronoticias.com\/index.php\/2024\/02\/10\/quienes-eran-los-familiares-de-david-y-ricardo-monreal-asesinados-en-zacatecas\/","title":{"rendered":"\u00bfQui\u00e9nes eran los familiares de David y Ricardo Monreal asesinados en Zacatecas?"},"content":{"rendered":"\n<p>Dos integrantes de la familia Monreal \u00c1vila fueron asesinados a tiros esta semana en Fresnillo, Zacatecas.<\/p>\n\n\n\n<p>El Financiero<\/p>\n\n\n\n<p>Isa\u00edas Le\u00f3n \/ Corresponsal<\/p>\n\n\n\n<p>Febrero 10 de 2024<\/p>\n\n\n\n<p>La muerte de dos familiares del senador Ricardo Monreal y el gobernador David Monreal, generaron consternaci\u00f3n entre la sociedad pero, sobre todo, en la clase pol\u00edtica local.<\/p>\n\n\n\n<p>El mi\u00e9rcoles pasado, Juan P\u00e9rez Guardado, cu\u00f1ado del legislado federal, fue abatido cuando realizaba una brigada de limpieza en las inmediaciones del centro de Fresnillo.<\/p>\n\n\n\n<p><strong>Juan P\u00e9rez Guardado, cu\u00f1ado de Ricardo Monreal<\/strong><\/p>\n\n\n\n<p>Quien fuera Director de Desarrollo Social del ayuntamiento se encontraba acompa\u00f1ado por trabajadores cuando fue abatido a balazos por civiles armados.<\/p>\n\n\n\n<p>Hermano de Mar\u00eda de Jes\u00fas P\u00e9rez, esposa del senador Ricardo Monreal, era la segunda ocasi\u00f3n que el occiso desempe\u00f1aba ese cargo.<\/p>\n\n\n\n<p>La primera ocasi\u00f3n fue en la administraci\u00f3n 2010 &#8211; 2013, encabezada por el petista Juan Garc\u00eda P\u00e1ez.<\/p>\n\n\n\n<p>Adem\u00e1s, desempe\u00f1\u00f3 diversos cargos partidistas en el Movimiento de Regeneraci\u00f3n Nacional (Morena) dentro y fuera del estado, incluida una delegaci\u00f3n partidista en el Estado de M\u00e9xico.<\/p>\n\n\n\n<p>En 2021 fue el coordinador pol\u00edtico de la campa\u00f1a de Sa\u00fal Monreal \u00c1vila a la presidencia municipal, a quien apoyaba en busca de la candidatura a la C\u00e1mara Alta.<\/p>\n\n\n\n<p>P\u00e9rez Guardado era considerado un operador pol\u00edtico en Fresnillo y manten\u00eda aspiraciones pol\u00edticas en este 2024 en busca de un cargo de representaci\u00f3n popular.<\/p>\n\n\n\n<p><strong>\u00bfQui\u00e9n era Jorge Antonio Monreal Mart\u00ednez?<\/strong><\/p>\n\n\n\n<p>Este s\u00e1bado fue v\u00edctima de la delincuencia Jorge Antonio Monreal Mart\u00ednez, quien trabajaba en la Direcci\u00f3n de Desarrollo Social bajo las \u00f3rdenes, hasta el pasado mi\u00e9rcoles, de Juan P\u00e9rez Guardado.<\/p>\n\n\n\n<p>Su padre, Juan Antonio Monreal Moreno, es primo de la familia Monreal \u00c1vila; fue regidor en Fresnillo durante la administraci\u00f3n 2010 &#8211; 2013 y actualmente se desempe\u00f1a como Coordinador de Delegaciones en el gobierno municipal.<\/p>\n\n\n\n<p>El gobernador David Monreal \u00c1vila escribi\u00f3 en sus redes sociales:<\/p>\n\n\n\n<p>\u201cAnte los tr\u00e1gicos sucesos de esta semana, en los que ciudadanos y familiares fueron asesinados, les expreso a las y los zacatecanos que no habr\u00e1 impunidad, seguiremos luchando por la pacificaci\u00f3n en Zacatecas\u201d.<\/p>\n\n\n\n<p>El secretario de Seguridad P\u00fablica (SPPZ), Arturo Medina Mayoral, anunci\u00f3 que las operaciones de la dependencia se desplazar\u00e1 a Fresnillo hasta aclarar los hechos sucedidos en las \u00faltimas horas.<\/p>\n\n\n\n<figure class=\"wp-block-embed\"><div class=\"wp-block-embed__wrapper\">\nhttps:\/\/www.elfinanciero.com.mx\/estados\/2024\/02\/10\/violencia-en-zacatecas-alcanza-a-los-monreal-que-sabemos-de-los-familiares-asesinados\/\n<\/div><\/figure>\n","protected":false},"excerpt":{"rendered":"<p>Dos integrantes de la familia Monreal \u00c1vila fueron asesinados a tiros esta semana en Fresnillo, Zacatecas. El Financiero Isa\u00edas Le\u00f3n \/ Corresponsal Febrero 10 de 2024 La muerte de dos familiares del senador Ricardo Monreal y el gobernador David Monreal, generaron consternaci\u00f3n entre la sociedad pero, sobre todo, en la clase pol\u00edtica local. El mi\u00e9rcoles [&hellip;]<\/p>\n","protected":false},"author":1,"featured_media":5419,"comment_status":"open","ping_status":"open","sticky":false,"template":"","format":"standard","meta":{"content-type":"","footnotes":""},"categories":[3,115,105,113],"tags":[],"class_list":{"0":"post-5418","1":"post","2":"type-post","3":"status-publish","4":"format-standard","5":"has-post-thumbnail","7":"category-mexico","8":"category-politica","9":"category-principal","10":"category-seguridad"},"_links":{"self":[{"href":"https:\/\/www.regioncuatronoticias.com\/index.php\/wp-json\/wp\/v2\/posts\/5418","targetHints":{"allow":["GET"]}}],"collection":[{"href":"https:\/\/www.regioncuatronoticias.com\/index.php\/wp-json\/wp\/v2\/posts"}],"about":[{"href":"https:\/\/www.regioncuatronoticias.com\/index.php\/wp-json\/wp\/v2\/types\/post"}],"author":[{"embeddable":true,"href":"https:\/\/www.regioncuatronoticias.com\/index.php\/wp-json\/wp\/v2\/users\/1"}],"replies":[{"embeddable":true,"href":"https:\/\/www.regioncuatronoticias.com\/index.php\/wp-json\/wp\/v2\/comments?post=5418"}],"version-history":[{"count":1,"href":"https:\/\/www.regioncuatronoticias.com\/index.php\/wp-json\/wp\/v2\/posts\/5418\/revisions"}],"predecessor-version":[{"id":5420,"href":"https:\/\/www.regioncuatronoticias.com\/index.php\/wp-json\/wp\/v2\/posts\/5418\/revisions\/5420"}],"wp:featuredmedia":[{"embeddable":true,"href":"https:\/\/www.regioncuatronoticias.com\/index.php\/wp-json\/wp\/v2\/media\/5419"}],"wp:attachment":[{"href":"https:\/\/www.regioncuatronoticias.com\/index.php\/wp-json\/wp\/v2\/media?parent=5418"}],"wp:term":[{"taxonomy":"category","embeddable":true,"href":"https:\/\/www.regioncuatronoticias.com\/index.php\/wp-json\/wp\/v2\/categories?post=5418"},{"taxonomy":"post_tag","embeddable":true,"href":"https:\/\/www.regioncuatronoticias.com\/index.php\/wp-json\/wp\/v2\/tags?post=5418"}],"curies":[{"name":"wp","href":"https:\/\/api.w.org\/{rel}","templated":true}]}}