{"id":5415,"date":"2024-02-10T23:34:11","date_gmt":"2024-02-11T06:34:11","guid":{"rendered":"https:\/\/www.regioncuatronoticias.com\/?p=5415"},"modified":"2024-02-10T23:34:12","modified_gmt":"2024-02-11T06:34:12","slug":"seguridad-asignatura-pendiente","status":"publish","type":"post","link":"https:\/\/www.regioncuatronoticias.com\/index.php\/2024\/02\/10\/seguridad-asignatura-pendiente\/","title":{"rendered":"Seguridad, asignatura pendiente"},"content":{"rendered":"\n<p><strong>Columna Encuadre<\/strong><\/p>\n\n\n\n<p><strong>Jos\u00e9 F. Medina<\/strong><\/p>\n\n\n\n<p><strong>Seguridad, asignatura pendiente<\/strong><\/p>\n\n\n\n<p><strong>&nbsp;S\u00e1bado 10 de febrero del 2024<\/strong><\/p>\n\n\n\n<p><strong>SEGURIDAD, ASIGNATURA PENDIENTE<\/strong><\/p>\n\n\n\n<p>La llegada de V\u00edctor Hugo Enr\u00edquez Garc\u00eda como titular de la Secretar\u00eda de Seguridad P\u00fablica en Sonora, anunciada el pasado mi\u00e9rcoles por el gobernador Alfonso Durazo, caus\u00f3 en principio muy buena impresi\u00f3n, por sus cartas credenciales. Tras el tormentoso paso, por decir lo menos, de Mar\u00eda Dolores del R\u00edo al frente de ese despacho, el cambio de estafeta caus\u00f3, pues, buena expectativa.<\/p>\n\n\n\n<p>Ya d\u00edas antes el propio Gobernador hab\u00eda delineado el perfil del nuevo Secretario: joven, sonorense, acad\u00e9mico y con experiencia.<\/p>\n\n\n\n<p>Y es que en el papel, los m\u00e9ritos escolares de Enr\u00edquez Garc\u00eda son de primera: Doctor en Administraci\u00f3n P\u00fablica, Master en Estrategia de Inteligencia y Maestr\u00eda en Ciencias Penales. Su experiencia laboral resulta ad hoc para el puesto que reci\u00e9n acaba de estrenar: Polic\u00eda Federal Divisi\u00f3n de Investigaci\u00f3n, Director General Adjunto de Operaciones en Asuntos Internos, Director de Operaciones en la Coordinaci\u00f3n Estatal Sonora, Director de Operaciones Aeroportuarias y Coordinaci\u00f3n Nacional Antisecuestro, entre otros cargos. Es un hombre preparado, de buena imagen y sin aspavientos, como le gusta al mandatario.<\/p>\n\n\n\n<p>Como se ve, insisto, en el papel, todo hace indicar que sabe bien a qu\u00e9 viene y qu\u00e9 habr\u00e1 de enfrentar. Las cosas no est\u00e1n en su mejor momento en materia de seguridad p\u00fablica.<\/p>\n\n\n\n<p>Algunos mal pensados podr\u00e1n hacer notar, y quiz\u00e1 con mucha raz\u00f3n, que Mar\u00eda Dolores del R\u00edo dej\u00f3 \u201cla vara muy baja\u201d, pero como el horno no est\u00e1 para bollos, le toca ahora al Dr. Enr\u00edquez Garc\u00eda elevarla en un tiempo relativamente corto, so pena de que el imaginario colectivo empiece con los reclamos consabidos. El tic tac no se detiene.<\/p>\n\n\n\n<p>En lo personal, siempre he considerado el tema de la seguridad p\u00fablica como un terreno minado, escabroso, nada f\u00e1cil de cruzar y menos de preservar, m\u00e1s aun, con esa pol\u00edtica pregonada y accionada desde el mismo Gobierno Federal de \u201cabrazos, no balazos\u201d.<\/p>\n\n\n\n<p>Ahora le toca adem\u00e1s al nuevo Secretario rodearse de un buen equipo, privilegiando el compromiso, responsabilidad, conocimiento y lealtad de quienes le acompa\u00f1en en esta tarea que se antoja cuesta-arriba.<\/p>\n\n\n\n<p>Por el bien de Sonora y su gente, esperamos pronto buenos resultados. El Dr. Enr\u00edquez Garc\u00eda empieza su gesti\u00f3n sin cuestionamientos, con buena aceptaci\u00f3n. Hay que concederle el beneficio de la duda.<\/p>\n\n\n\n<p>&nbsp;<strong>ENCUADRE DE PROTESTA<\/strong><\/p>\n\n\n\n<p>Qui\u00e9nes siguen \u201ctentando al diablo\u201d son los ruidosos exconcesionarios del transporte p\u00fablico que demandan un \u201cligerito\u201d incremento del 15 por ciento en su percepci\u00f3n mensual de alrededor de 16 mil pesos que generosamente les regala el gobierno, sin hacer absolutamente nada.<\/p>\n\n\n\n<p>En despacho anterior les coment\u00e9 sobre las manifestaciones con botes, cacerolas, tambores y cornetas en mano, que a diario realizan frente a Palacio de Gobierno, en una clara presi\u00f3n para que el Gobierno los siga manteniendo, toda vez que desde el 2018, el gobierno de Claudia Pavlovich les retirara la concesi\u00f3n por el mal servicio que prestaban a los usuarios. Desde entonces, no han cejado en su empe\u00f1o de chantajear al Estado.<\/p>\n\n\n\n<p>Este jueves pasado, causaron un verdadero caos vial al trasladar su protesta a las calles de Hermosillo, en hora pico, cerrando la Serd\u00e1n y Rosales, ante la molestia de cientos de automovilistas que circulaban por esa transitada r\u00faa. Insisto, siguen \u201ctentando al diablo\u201d.<\/p>\n\n\n\n<p><strong>&nbsp;ENCUADRE LEGISLATIVO<\/strong><\/p>\n\n\n\n<p>La diputada Natalia Rivera propuso esta semana una serie de reformas legales para regular el cobro de estacionamiento en plazas comerciales, hospjtales, edificios de oficinas y lugares de esparcimiento, y cualquier otro.<\/p>\n\n\n\n<p>Totalmente de acuerdo con la legisladora que es un abuso que raya en lo absurdo: pagar estacionamiento en plazas para ir de compras, para que te atiendan en un hospital (sobre todo en los privados, ya de por s\u00ed con consultas caras), para entrar a una oficina a hacer un tr\u00e1mite. En serio, como dice la chamacada, \u201cse pasan\u201d.<\/p>\n\n\n\n<p>A alguna empresa \u201cchilanga\u201d, confabulada con los due\u00f1os de Galer\u00edas Mall, Torre M\u00e9dica CIMA, Liverpool Encinas y m\u00e1s recientemente Soriana Sendero, de las que me acuerdo, vieron un jugoso negocio en la renta de cajones de estacionamientos, sin que nadie pudiera ponerles un freno.<\/p>\n\n\n\n<p>Ya s\u00e9 que me van a salir con que son particulares y que ellos pueden hacer lo que les venga en gana, y que total, no vaya a esos lugares. Ya lo s\u00e9. Pero alguien tiene que ponerle un alto a este abuso, que por lo dem\u00e1s, muchos hermosillenses pagan gustosamente la tarifa, porque se sienten que andan en Arizona de \u201cshopping\u201d. Se sienten muy dinerosos, pues.<\/p>\n\n\n\n<p>En su exposici\u00f3n de motivos, la diputada Rivera consider\u00f3 que este tema afecta directamente la econom\u00eda familiar, adem\u00e1s de la seguridad de los ciudadanos, al enfrentar altos costos y largas colas en estacionamientos privados, o bien, ponen en riesgo su patrimonio por dejar el veh\u00edculo en zonas oscuras y alejadas de su lugar de destino.<\/p>\n\n\n\n<p>Ojal\u00e1 que, por el bien de los consumidores, esta iniciativa prospere con el apoyo de todos los diputados. El pueblo se los agradecer\u00e1.<\/p>\n\n\n\n<p>Por lo pronto, en lo personal, poqu\u00edsimas veces he hecho uso de este tipo de estacionamiento. Me resisto y resistir\u00e9 a pagar. Si no encuentro estacionamiento afuera de estos lugares, no entro. Pierden un cliente. Punto.<\/p>\n\n\n\n<p>&nbsp;IN PROXIMUM<\/p>\n\n\n\n<p><strong>Me puede seguir en FB: Jos\u00e9 Felipe Medina<\/strong><\/p>\n\n\n\n<p><strong>En X (antes twitter): @josefe31<\/strong><\/p>\n\n\n\n<p><strong>Correo Electr\u00f3nico: josefe31@hotmail.com<\/strong><\/p>\n\n\n\n<p><strong>FMINFORMATIVO.COM<\/strong><\/p>\n","protected":false},"excerpt":{"rendered":"<p>Columna Encuadre Jos\u00e9 F. Medina Seguridad, asignatura pendiente &nbsp;S\u00e1bado 10 de febrero del 2024 SEGURIDAD, ASIGNATURA PENDIENTE La llegada de V\u00edctor Hugo Enr\u00edquez Garc\u00eda como titular de la Secretar\u00eda de Seguridad P\u00fablica en Sonora, anunciada el pasado mi\u00e9rcoles por el gobernador Alfonso Durazo, caus\u00f3 en principio muy buena impresi\u00f3n, por sus cartas credenciales. Tras el [&hellip;]<\/p>\n","protected":false},"author":1,"featured_media":5416,"comment_status":"open","ping_status":"open","sticky":false,"template":"","format":"standard","meta":{"content-type":"","footnotes":""},"categories":[122],"tags":[],"class_list":{"0":"post-5415","1":"post","2":"type-post","3":"status-publish","4":"format-standard","5":"has-post-thumbnail","7":"category-jose-felipe-medina"},"_links":{"self":[{"href":"https:\/\/www.regioncuatronoticias.com\/index.php\/wp-json\/wp\/v2\/posts\/5415","targetHints":{"allow":["GET"]}}],"collection":[{"href":"https:\/\/www.regioncuatronoticias.com\/index.php\/wp-json\/wp\/v2\/posts"}],"about":[{"href":"https:\/\/www.regioncuatronoticias.com\/index.php\/wp-json\/wp\/v2\/types\/post"}],"author":[{"embeddable":true,"href":"https:\/\/www.regioncuatronoticias.com\/index.php\/wp-json\/wp\/v2\/users\/1"}],"replies":[{"embeddable":true,"href":"https:\/\/www.regioncuatronoticias.com\/index.php\/wp-json\/wp\/v2\/comments?post=5415"}],"version-history":[{"count":1,"href":"https:\/\/www.regioncuatronoticias.com\/index.php\/wp-json\/wp\/v2\/posts\/5415\/revisions"}],"predecessor-version":[{"id":5417,"href":"https:\/\/www.regioncuatronoticias.com\/index.php\/wp-json\/wp\/v2\/posts\/5415\/revisions\/5417"}],"wp:featuredmedia":[{"embeddable":true,"href":"https:\/\/www.regioncuatronoticias.com\/index.php\/wp-json\/wp\/v2\/media\/5416"}],"wp:attachment":[{"href":"https:\/\/www.regioncuatronoticias.com\/index.php\/wp-json\/wp\/v2\/media?parent=5415"}],"wp:term":[{"taxonomy":"category","embeddable":true,"href":"https:\/\/www.regioncuatronoticias.com\/index.php\/wp-json\/wp\/v2\/categories?post=5415"},{"taxonomy":"post_tag","embeddable":true,"href":"https:\/\/www.regioncuatronoticias.com\/index.php\/wp-json\/wp\/v2\/tags?post=5415"}],"curies":[{"name":"wp","href":"https:\/\/api.w.org\/{rel}","templated":true}]}}