{"id":5350,"date":"2024-02-09T01:11:08","date_gmt":"2024-02-09T08:11:08","guid":{"rendered":"https:\/\/www.regioncuatronoticias.com\/?p=5350"},"modified":"2024-02-09T01:11:10","modified_gmt":"2024-02-09T08:11:10","slug":"absuelven-a-el-mochomo-por-delincuencia-sigue-preso-por-caso-ayotzinapa","status":"publish","type":"post","link":"https:\/\/www.regioncuatronoticias.com\/index.php\/2024\/02\/09\/absuelven-a-el-mochomo-por-delincuencia-sigue-preso-por-caso-ayotzinapa\/","title":{"rendered":"Absuelven a &#8220;El Mochomo&#8221; por delincuencia; sigue preso por caso Ayotzinapa"},"content":{"rendered":"\n<p>\u201cEl Mochomo\u201d est\u00e1 relacionado con el caso Ayotzinapa, ya que la DEA intercept\u00f3 una llamada en la que se escucha al presunto criminal hablar con sus hermanos sobre el ataque contra los estudiantes<\/p>\n\n\n\n<p>El Universal<\/p>\n\n\n\n<p>Manuel Espino<\/p>\n\n\n\n<p>Febrero 8 de 2024<\/p>\n\n\n\n<p>Foto: Cortes\u00eda de Semanario Zeta<\/p>\n\n\n\n<p>\u00c1ngel Casarrubias Salgado, alias El Mochomo, quien presuntamente particip\u00f3 en el secuestro de los normalistas desaparecidos de Ayotzinapa, fue absuelto por un &nbsp;juez federal por el delito de delincuencia organizada con la finalidad de cometer delitos contra la salud.<\/p>\n\n\n\n<p>Sin embargo, la Fiscal\u00eda General de la Rep\u00fablica (FGR) precis\u00f3 que el hermano de Sidronio Casarrubias Salgado, l\u00edder del grupo criminal Guerreros Unidos, contin\u00faa preso en el penal de m\u00e1xima seguridad del Altiplano, por su presunta relaci\u00f3n con el caso Ayotzinapa.<\/p>\n\n\n\n<p>Record\u00f3 que en 2020 un juez federal le dict\u00f3 auto de formal prisi\u00f3n por los delitos de delincuencia organizada y desaparici\u00f3n forzada.<\/p>\n\n\n\n<p>La Fiscal\u00eda General de la Rep\u00fablica (FGR) impugn\u00f3 la absoluci\u00f3n dictada por el Juez de Distrito Especializado en el Sistema Penal Acusatorio, en su car\u00e1cter de Tribunal de Enjuiciamiento del Centro de Justicia Penal Federal en el Estado de M\u00e9xico, con sede en Almoloya de Ju\u00e1rez, que toc\u00f3 conocer al Segundo Tribunal de Apelaci\u00f3n,<\/p>\n\n\n\n<p>\u201cVista la raz\u00f3n actuarial que antecede, de la que se advierte la imposibilidad que tuvo la actuaria judicial de la adscripci\u00f3n de notificar a *** el prove\u00eddo de veintinueve de enero del a\u00f1o en curso, toda vez que fue informada por personal del \u00e1rea jur\u00eddica que dicho justiciable egres\u00f3 del Centro Federal de Readaptaci\u00f3n Social n\u00famero Uno &#8220;Altiplano&#8221;, con sede en Almoloya de Ju\u00e1rez, el cuatro de octubre de dos mil veintitr\u00e9s, en cumplimiento al oficio 632\/2023, signado por el Juez de Distrito Especializado en el Sistema Penal Acusatorio, en su car\u00e1cter de Tribunal de Enjuiciamiento del Centro de Justicia Penal Federal en el Estado de M\u00e9xico, con sede en Almoloya de Ju\u00e1rez, con el que se inform\u00f3 la sentencia absolutoria dictada en su favor\u201d, se inform\u00f3 en la lista de acuerdos.<\/p>\n\n\n\n<p>El recurso de apelaci\u00f3n tramitado por la Unidad Especializada en Investigaci\u00f3n de Delitos en Materia de Secuestro de la FGR fue admitido a tr\u00e1mite, sin efectos para frenar la sentencia absolutoria.<\/p>\n\n\n\n<p>\u00danete a nuestro canal \u00a1EL UNIVERSAL ya est\u00e1 en Whatsapp!, desde tu dispositivo m\u00f3vil ent\u00e9rate de las noticias m\u00e1s relevantes del d\u00eda, art\u00edculos de opini\u00f3n, entretenimiento, tendencias y m\u00e1s.<\/p>\n\n\n\n<figure class=\"wp-block-embed\"><div class=\"wp-block-embed__wrapper\">\nhttps:\/\/www.eluniversal.com.mx\/nacion\/reportan-la-liberacion-de-el-mochomo-implicado-en-caso-ayotzinapa\/\n<\/div><\/figure>\n","protected":false},"excerpt":{"rendered":"<p>\u201cEl Mochomo\u201d est\u00e1 relacionado con el caso Ayotzinapa, ya que la DEA intercept\u00f3 una llamada en la que se escucha al presunto criminal hablar con sus hermanos sobre el ataque contra los estudiantes El Universal Manuel Espino Febrero 8 de 2024 Foto: Cortes\u00eda de Semanario Zeta \u00c1ngel Casarrubias Salgado, alias El Mochomo, quien presuntamente particip\u00f3 [&hellip;]<\/p>\n","protected":false},"author":1,"featured_media":5351,"comment_status":"open","ping_status":"open","sticky":false,"template":"","format":"standard","meta":{"content-type":"","footnotes":""},"categories":[3,105,113],"tags":[],"class_list":{"0":"post-5350","1":"post","2":"type-post","3":"status-publish","4":"format-standard","5":"has-post-thumbnail","7":"category-mexico","8":"category-principal","9":"category-seguridad"},"_links":{"self":[{"href":"https:\/\/www.regioncuatronoticias.com\/index.php\/wp-json\/wp\/v2\/posts\/5350","targetHints":{"allow":["GET"]}}],"collection":[{"href":"https:\/\/www.regioncuatronoticias.com\/index.php\/wp-json\/wp\/v2\/posts"}],"about":[{"href":"https:\/\/www.regioncuatronoticias.com\/index.php\/wp-json\/wp\/v2\/types\/post"}],"author":[{"embeddable":true,"href":"https:\/\/www.regioncuatronoticias.com\/index.php\/wp-json\/wp\/v2\/users\/1"}],"replies":[{"embeddable":true,"href":"https:\/\/www.regioncuatronoticias.com\/index.php\/wp-json\/wp\/v2\/comments?post=5350"}],"version-history":[{"count":1,"href":"https:\/\/www.regioncuatronoticias.com\/index.php\/wp-json\/wp\/v2\/posts\/5350\/revisions"}],"predecessor-version":[{"id":5352,"href":"https:\/\/www.regioncuatronoticias.com\/index.php\/wp-json\/wp\/v2\/posts\/5350\/revisions\/5352"}],"wp:featuredmedia":[{"embeddable":true,"href":"https:\/\/www.regioncuatronoticias.com\/index.php\/wp-json\/wp\/v2\/media\/5351"}],"wp:attachment":[{"href":"https:\/\/www.regioncuatronoticias.com\/index.php\/wp-json\/wp\/v2\/media?parent=5350"}],"wp:term":[{"taxonomy":"category","embeddable":true,"href":"https:\/\/www.regioncuatronoticias.com\/index.php\/wp-json\/wp\/v2\/categories?post=5350"},{"taxonomy":"post_tag","embeddable":true,"href":"https:\/\/www.regioncuatronoticias.com\/index.php\/wp-json\/wp\/v2\/tags?post=5350"}],"curies":[{"name":"wp","href":"https:\/\/api.w.org\/{rel}","templated":true}]}}