{"id":5341,"date":"2024-02-09T00:34:29","date_gmt":"2024-02-09T07:34:29","guid":{"rendered":"https:\/\/www.regioncuatronoticias.com\/?p=5341"},"modified":"2024-02-09T00:34:31","modified_gmt":"2024-02-09T07:34:31","slug":"el-presidente-quiere-dinamitar-al-poder-judicial-xochitl-galvez","status":"publish","type":"post","link":"https:\/\/www.regioncuatronoticias.com\/index.php\/2024\/02\/09\/el-presidente-quiere-dinamitar-al-poder-judicial-xochitl-galvez\/","title":{"rendered":"El Presidente quiere dinamitar al Poder Judicial: X\u00f3chitl G\u00e1lvez"},"content":{"rendered":"\n<p>\u2022 Ataca a las instituciones y ataca a las personas, como al ministro Alberto P\u00e9rez Day\u00e1n<\/p>\n\n\n\n<p>X\u00f3chitl G\u00e1lvez Ruiz afirm\u00f3 que el Presidente, Andr\u00e9s Manuel L\u00f3pez Obrador, miente y no cumple su palabra de respetar la divisi\u00f3n de poderes del Estado, al inmiscuirse en asuntos que competen \u00fanicamente a la Suprema Corte de Justicia de la Naci\u00f3n (SCJN).<\/p>\n\n\n\n<p>La ingeniera critic\u00f3 que se amenace con un juicio pol\u00edtico al ministro de la Suprema Corte, Alberto P\u00e9rez Day\u00e1n, cuyo voto fue decisivo para declarar inconstitucional la Ley de la Industria El\u00e9ctrica, propuesta por el Presidente.<\/p>\n\n\n\n<p>\u201cCon su propuesta de dinamitar el Poder Judicial qued\u00f3 claro que lo que quiere el Presidente es no tener ning\u00fan l\u00edmite a su poder. Ataca a las instituciones y ataca a las personas, como lo demuestran las agresiones al ministro P\u00e9rez Day\u00e1n. Amenaza con un juicio pol\u00edtico que \u00e9l sabe que no va a pasar, pero no pierde la oportunidad de atacar a las y los integrantes del Poder Judicial\u201d, dijo en la Conferencia de la Verdad.<\/p>\n\n\n\n<p>Ante representantes de los medios de comunicaci\u00f3n, G\u00e1lvez Ruiz present\u00f3 un video del 2018 donde, como titular del Ejecutivo Federal, L\u00f3pez Obrador asegur\u00f3 que actuar\u00eda con rectitud, con respeto a la soberan\u00eda de los otros poderes y no se entrometer\u00eda en las resoluciones que \u00fanicamente competen a los ministros.<\/p>\n\n\n\n<p>Por otra parte, durante la conferencia, X\u00f3chitl G\u00e1lvez hizo un llamado al Instituto Nacional Electoral (INE) para que lo antes posible entregue a los organismos internacionales las invitaciones para que participen en la observaci\u00f3n electoral de nuestro pa\u00eds.<\/p>\n","protected":false},"excerpt":{"rendered":"<p>\u2022 Ataca a las instituciones y ataca a las personas, como al ministro Alberto P\u00e9rez Day\u00e1n X\u00f3chitl G\u00e1lvez Ruiz afirm\u00f3 que el Presidente, Andr\u00e9s Manuel L\u00f3pez Obrador, miente y no cumple su palabra de respetar la divisi\u00f3n de poderes del Estado, al inmiscuirse en asuntos que competen \u00fanicamente a la Suprema Corte de Justicia de [&hellip;]<\/p>\n","protected":false},"author":1,"featured_media":5342,"comment_status":"open","ping_status":"open","sticky":false,"template":"","format":"standard","meta":{"content-type":"","footnotes":""},"categories":[117,3,115],"tags":[],"class_list":{"0":"post-5341","1":"post","2":"type-post","3":"status-publish","4":"format-standard","5":"has-post-thumbnail","7":"category-general","8":"category-mexico","9":"category-politica"},"_links":{"self":[{"href":"https:\/\/www.regioncuatronoticias.com\/index.php\/wp-json\/wp\/v2\/posts\/5341","targetHints":{"allow":["GET"]}}],"collection":[{"href":"https:\/\/www.regioncuatronoticias.com\/index.php\/wp-json\/wp\/v2\/posts"}],"about":[{"href":"https:\/\/www.regioncuatronoticias.com\/index.php\/wp-json\/wp\/v2\/types\/post"}],"author":[{"embeddable":true,"href":"https:\/\/www.regioncuatronoticias.com\/index.php\/wp-json\/wp\/v2\/users\/1"}],"replies":[{"embeddable":true,"href":"https:\/\/www.regioncuatronoticias.com\/index.php\/wp-json\/wp\/v2\/comments?post=5341"}],"version-history":[{"count":1,"href":"https:\/\/www.regioncuatronoticias.com\/index.php\/wp-json\/wp\/v2\/posts\/5341\/revisions"}],"predecessor-version":[{"id":5343,"href":"https:\/\/www.regioncuatronoticias.com\/index.php\/wp-json\/wp\/v2\/posts\/5341\/revisions\/5343"}],"wp:featuredmedia":[{"embeddable":true,"href":"https:\/\/www.regioncuatronoticias.com\/index.php\/wp-json\/wp\/v2\/media\/5342"}],"wp:attachment":[{"href":"https:\/\/www.regioncuatronoticias.com\/index.php\/wp-json\/wp\/v2\/media?parent=5341"}],"wp:term":[{"taxonomy":"category","embeddable":true,"href":"https:\/\/www.regioncuatronoticias.com\/index.php\/wp-json\/wp\/v2\/categories?post=5341"},{"taxonomy":"post_tag","embeddable":true,"href":"https:\/\/www.regioncuatronoticias.com\/index.php\/wp-json\/wp\/v2\/tags?post=5341"}],"curies":[{"name":"wp","href":"https:\/\/api.w.org\/{rel}","templated":true}]}}