{"id":5329,"date":"2024-02-07T23:13:44","date_gmt":"2024-02-08T06:13:44","guid":{"rendered":"https:\/\/www.regioncuatronoticias.com\/?p=5329"},"modified":"2024-02-07T23:13:45","modified_gmt":"2024-02-08T06:13:45","slug":"amlo-invita-a-tim-golden-para-que-explique-reportaje-sobre-campana-de-2006","status":"publish","type":"post","link":"https:\/\/www.regioncuatronoticias.com\/index.php\/2024\/02\/07\/amlo-invita-a-tim-golden-para-que-explique-reportaje-sobre-campana-de-2006\/","title":{"rendered":"AMLO invita a Tim Golden para que explique reportaje sobre campa\u00f1a de 2006"},"content":{"rendered":"\n<p>Ciudad de M\u00e9xico; febrero 7 de 2024.- El presidente Andr\u00e9s Manuel L\u00f3pez Obrador invit\u00f3 al periodista estadounidense Tim Golden a acudir a su conferencia de prensa matutina para cuestionarlo sobre el reportaje que public\u00f3 hace unos d\u00edas, donde se\u00f1ala un supuesto financiamiento de su primera campa\u00f1a presidencial en 2006 con dinero del narcotr\u00e1fico.<\/p>\n\n\n\n<p>\u201c\u00bfQui\u00e9n nos ayudar\u00eda much\u00edsimo y le hago un llamado, el periodista. Lo invito aqu\u00ed, le quiero hacer unas preguntas, que si desde cuando viene a M\u00e9xico a tratar este asunto, por qu\u00e9 de repente si \u00e9l es un periodista famoso, le interesa retomar este tema y sobre todo darlo a conocer en estos momentos\u201d, coment\u00f3.<\/p>\n\n\n\n<p>De acuerdo con el mandatario, una de sus hip\u00f3tesis es que el reportaje se lanz\u00f3 en represalia por la investigaci\u00f3n sobre el segundo tirador que presuntamente particip\u00f3 en el asesinato del excandidato presidencial, Luis Donaldo Colosio.<\/p>\n\n\n\n<p>\u201cLo relaciono que por una venganza, para afectarnos en \u00e9pocas electorales y porque se toc\u00f3 un tema bastante delicado, pero yo no imaginaba que eso los iba a poner tan molestos\u201d, se\u00f1al\u00f3.<\/p>\n\n\n\n<p>Sobre este tema, mencion\u00f3 que el periodista tiene v\u00ednculos con el expresidente Carlos Salinas de Gortari y con otros exmilitantes del PRI.<\/p>\n\n\n\n<p>\u201cMe lleg\u00f3 un reporte de que este periodista corr\u00eda con Salinas, era corresponsal del New York Times y sal\u00eda a correr con Salinas, muy amigo de Otto Granadados, de (Jos\u00e9) Carre\u00f1o Carl\u00f3n, seguramente de Casta\u00f1eda, de todo ese grupo\u201d, coment\u00f3.<\/p>\n\n\n\n<p>\u201cPor eso nos ayudar\u00eda que \u00e9l como periodista nos hiciera un relato, cu\u00e1ndo supo del caso, con qui\u00e9n habl\u00f3, qui\u00e9n lo invit\u00f3 a venir a M\u00e9xico, cu\u00e1ndo lleg\u00f3, cu\u00e1nto tiempo estuvo y como dir\u00eda el finado Chico Che, \u00bfquien pompo?\u201d, apunt\u00f3.<\/p>\n\n\n\n<p>El pasado 31 de enero, el periodista ganador del Premio Pulitzer Tim Golden public\u00f3 en el medio estadounidense ProP\u00fablica un reportaje donde se\u00f1ala que agentes de la Administraci\u00f3n de Control de Drogas (DEA, por sus siglas en ingl\u00e9s) encontraron \u201cpruebas s\u00f3lidas\u201d de que el C\u00e1rtel de Sinaloa aport\u00f3 2 millones de d\u00f3lares a la campa\u00f1a de L\u00f3pez Obrador en 2006.<\/p>\n\n\n\n<p>Sin embargo, Golden aclar\u00f3 que la investigaci\u00f3n de la DEA no determin\u00f3 de manera concluyente si L\u00f3pez Obrador hab\u00eda aprobado las supuestas donaciones de los narcotraficantes, ni siquiera si sab\u00eda de ellas.<\/p>\n\n\n\n<p>Tras la publicaci\u00f3n, el jefe del Ejecutivo calific\u00f3 al periodista de \u201cvil calumniador\u201d por no haber presentado pruebas, pero advirti\u00f3 que detr\u00e1s de \u00e9l hay funcionarios de Estados Unidos motivados por los procesos electorales que se llevar\u00e1n a cabo en ambos pa\u00edses durante 2024.<\/p>\n\n\n\n<p>\u201cPara m\u00ed, deber\u00edan de darle el premio a la calumnia. Es un mercenario al servicio de la DEA. Pero \u00bfc\u00f3mo va a calumniar impunemente? \u00bfC\u00f3mo va a hacer un reportaje sin presentar pruebas?&#8230; pero ya me estoy excediendo en contra de \u00e9l&#8230; \u00e9l es un pe\u00f3n, un mercenario del periodismo, como los hay en M\u00e9xico\u201d, se\u00f1al\u00f3 en su conferencia matutina del 2 de febrero.<\/p>\n\n\n\n<figure class=\"wp-block-embed\"><div class=\"wp-block-embed__wrapper\">\nhttps:\/\/www.elfinanciero.com.mx\/nacional\/2024\/02\/07\/reto-de-amlo-al-periodista-tim-golden-que-venga-a-la-mananera-para-hacerle-unas-preguntas\/\n<\/div><\/figure>\n","protected":false},"excerpt":{"rendered":"<p>Ciudad de M\u00e9xico; febrero 7 de 2024.- El presidente Andr\u00e9s Manuel L\u00f3pez Obrador invit\u00f3 al periodista estadounidense Tim Golden a acudir a su conferencia de prensa matutina para cuestionarlo sobre el reportaje que public\u00f3 hace unos d\u00edas, donde se\u00f1ala un supuesto financiamiento de su primera campa\u00f1a presidencial en 2006 con dinero del narcotr\u00e1fico. \u201c\u00bfQui\u00e9n nos [&hellip;]<\/p>\n","protected":false},"author":1,"featured_media":5330,"comment_status":"open","ping_status":"open","sticky":false,"template":"","format":"standard","meta":{"content-type":"","footnotes":""},"categories":[3,115,105],"tags":[],"class_list":{"0":"post-5329","1":"post","2":"type-post","3":"status-publish","4":"format-standard","5":"has-post-thumbnail","7":"category-mexico","8":"category-politica","9":"category-principal"},"_links":{"self":[{"href":"https:\/\/www.regioncuatronoticias.com\/index.php\/wp-json\/wp\/v2\/posts\/5329","targetHints":{"allow":["GET"]}}],"collection":[{"href":"https:\/\/www.regioncuatronoticias.com\/index.php\/wp-json\/wp\/v2\/posts"}],"about":[{"href":"https:\/\/www.regioncuatronoticias.com\/index.php\/wp-json\/wp\/v2\/types\/post"}],"author":[{"embeddable":true,"href":"https:\/\/www.regioncuatronoticias.com\/index.php\/wp-json\/wp\/v2\/users\/1"}],"replies":[{"embeddable":true,"href":"https:\/\/www.regioncuatronoticias.com\/index.php\/wp-json\/wp\/v2\/comments?post=5329"}],"version-history":[{"count":1,"href":"https:\/\/www.regioncuatronoticias.com\/index.php\/wp-json\/wp\/v2\/posts\/5329\/revisions"}],"predecessor-version":[{"id":5331,"href":"https:\/\/www.regioncuatronoticias.com\/index.php\/wp-json\/wp\/v2\/posts\/5329\/revisions\/5331"}],"wp:featuredmedia":[{"embeddable":true,"href":"https:\/\/www.regioncuatronoticias.com\/index.php\/wp-json\/wp\/v2\/media\/5330"}],"wp:attachment":[{"href":"https:\/\/www.regioncuatronoticias.com\/index.php\/wp-json\/wp\/v2\/media?parent=5329"}],"wp:term":[{"taxonomy":"category","embeddable":true,"href":"https:\/\/www.regioncuatronoticias.com\/index.php\/wp-json\/wp\/v2\/categories?post=5329"},{"taxonomy":"post_tag","embeddable":true,"href":"https:\/\/www.regioncuatronoticias.com\/index.php\/wp-json\/wp\/v2\/tags?post=5329"}],"curies":[{"name":"wp","href":"https:\/\/api.w.org\/{rel}","templated":true}]}}