{"id":5287,"date":"2024-02-07T00:51:37","date_gmt":"2024-02-07T07:51:37","guid":{"rendered":"https:\/\/www.regioncuatronoticias.com\/?p=5287"},"modified":"2024-02-07T00:51:39","modified_gmt":"2024-02-07T07:51:39","slug":"dea-vs-amlo-eu-considera-caso-cerrado-investigacion-sobre-lopez-obrador","status":"publish","type":"post","link":"https:\/\/www.regioncuatronoticias.com\/index.php\/2024\/02\/07\/dea-vs-amlo-eu-considera-caso-cerrado-investigacion-sobre-lopez-obrador\/","title":{"rendered":"DEA vs AMLO: EU considera &#8216;caso cerrado&#8217; investigaci\u00f3n sobre L\u00f3pez Obrador"},"content":{"rendered":"\n<p>Hace poco el presidente mexicano exigi\u00f3 a la DEA que se disculpara tras darse a conocer la investigaci\u00f3n period\u00edstica que lo relacionaba con el C\u00e1rtel de Sinaloa.<\/p>\n\n\n\n<p>Radio F\u00f3rmula<\/p>\n\n\n\n<p>Redacci\u00f3n<\/p>\n\n\n\n<p>La investigaci\u00f3n de la Administraci\u00f3n de Control de Drogas (DEA, sigla en ingl\u00e9s) contra Andr\u00e9s Manuel L\u00f3pez Obrador por presunto financiamiento del C\u00e1rtel de Sinaloa rumbo a su campa\u00f1a presidencial de 2006 es un &#8220;tema cerrado&#8221;, asegur\u00f3 la asesora de seguridad de la Casa Blanca, Elizabeth Sherwood-Randall.<\/p>\n\n\n\n<p>Tras la reuni\u00f3n que la funcionaria estadounidense sostuvo este 6 de febrero con el presidente mexicano en Palacio Nacional se concluy\u00f3 que en esta investigaci\u00f3n &#8220;no se encontr\u00f3 un delito&#8221;.<\/p>\n\n\n\n<p>As\u00ed lo detall\u00f3 la canciller Alicia B\u00e1rcena, quien tambi\u00e9n estuvo presente en el encuentro:<\/p>\n\n\n\n<p>&#8220;La asesora de seguridad de la Casa Blanca le dijo al presidente que este es un tema cerrado para ellos ya que ocurri\u00f3 en 2006 y todas las investigaciones que hicieron en Estados Unidos fueron cerradas sin encontrar un tipo de delito ni consecuencia de ello&#8221;, puntualiz\u00f3 ante medios de comunicaci\u00f3n.<\/p>\n\n\n\n<p>B\u00e1rcena asegur\u00f3 que dicha revelaci\u00f3n dada a conocer en tres medios de comunicaci\u00f3n diferentes proviene de un &#8220;reporte antiguo de la DEA&#8221;.<\/p>\n\n\n\n<p>El pasado 1 de febrero Mike Vigil, exjefe de operaciones internacionales de la DEA, ya hab\u00eda confirmado que la investigaci\u00f3n se cerr\u00f3 por &#8220;falta de pruebas&#8221;.<\/p>\n\n\n\n<p>En entrevista con Azucena Uresti el exagente de la DEA explic\u00f3 que dicha investigaci\u00f3n inici\u00f3 en 2010 por dinero proveniente de la organizaci\u00f3n criminal y que posteriormente fue entregado a personas vinculadas a la campa\u00f1a de L\u00f3pez Obrador en 2006.<\/p>\n\n\n\n<p>&#8220;Se investig\u00f3 y un comit\u00e9 de revisi\u00f3n de asuntos sensibles del Departamento de Justicia y de la DEA decidi\u00f3 cerrar la investigaci\u00f3n porque no hab\u00edan desarrollado evidencias en contra del mandatario\u201d, explic\u00f3.<\/p>\n","protected":false},"excerpt":{"rendered":"<p>Hace poco el presidente mexicano exigi\u00f3 a la DEA que se disculpara tras darse a conocer la investigaci\u00f3n period\u00edstica que lo relacionaba con el C\u00e1rtel de Sinaloa. Radio F\u00f3rmula Redacci\u00f3n La investigaci\u00f3n de la Administraci\u00f3n de Control de Drogas (DEA, sigla en ingl\u00e9s) contra Andr\u00e9s Manuel L\u00f3pez Obrador por presunto financiamiento del C\u00e1rtel de Sinaloa [&hellip;]<\/p>\n","protected":false},"author":1,"featured_media":5288,"comment_status":"open","ping_status":"open","sticky":false,"template":"","format":"standard","meta":{"content-type":"","footnotes":""},"categories":[7,115,105,113],"tags":[],"class_list":{"0":"post-5287","1":"post","2":"type-post","3":"status-publish","4":"format-standard","5":"has-post-thumbnail","7":"category-internacional","8":"category-politica","9":"category-principal","10":"category-seguridad"},"_links":{"self":[{"href":"https:\/\/www.regioncuatronoticias.com\/index.php\/wp-json\/wp\/v2\/posts\/5287","targetHints":{"allow":["GET"]}}],"collection":[{"href":"https:\/\/www.regioncuatronoticias.com\/index.php\/wp-json\/wp\/v2\/posts"}],"about":[{"href":"https:\/\/www.regioncuatronoticias.com\/index.php\/wp-json\/wp\/v2\/types\/post"}],"author":[{"embeddable":true,"href":"https:\/\/www.regioncuatronoticias.com\/index.php\/wp-json\/wp\/v2\/users\/1"}],"replies":[{"embeddable":true,"href":"https:\/\/www.regioncuatronoticias.com\/index.php\/wp-json\/wp\/v2\/comments?post=5287"}],"version-history":[{"count":1,"href":"https:\/\/www.regioncuatronoticias.com\/index.php\/wp-json\/wp\/v2\/posts\/5287\/revisions"}],"predecessor-version":[{"id":5289,"href":"https:\/\/www.regioncuatronoticias.com\/index.php\/wp-json\/wp\/v2\/posts\/5287\/revisions\/5289"}],"wp:featuredmedia":[{"embeddable":true,"href":"https:\/\/www.regioncuatronoticias.com\/index.php\/wp-json\/wp\/v2\/media\/5288"}],"wp:attachment":[{"href":"https:\/\/www.regioncuatronoticias.com\/index.php\/wp-json\/wp\/v2\/media?parent=5287"}],"wp:term":[{"taxonomy":"category","embeddable":true,"href":"https:\/\/www.regioncuatronoticias.com\/index.php\/wp-json\/wp\/v2\/categories?post=5287"},{"taxonomy":"post_tag","embeddable":true,"href":"https:\/\/www.regioncuatronoticias.com\/index.php\/wp-json\/wp\/v2\/tags?post=5287"}],"curies":[{"name":"wp","href":"https:\/\/api.w.org\/{rel}","templated":true}]}}