{"id":5250,"date":"2024-02-05T22:36:44","date_gmt":"2024-02-06T05:36:44","guid":{"rendered":"https:\/\/www.regioncuatronoticias.com\/?p=5250"},"modified":"2024-02-05T22:36:46","modified_gmt":"2024-02-06T05:36:46","slug":"sin-amlo-y-sin-norma-pina-fijan-posturas-sobre-reformas-a-la-constitucion","status":"publish","type":"post","link":"https:\/\/www.regioncuatronoticias.com\/index.php\/2024\/02\/05\/sin-amlo-y-sin-norma-pina-fijan-posturas-sobre-reformas-a-la-constitucion\/","title":{"rendered":"Sin AMLO y sin Norma Pi\u00f1a, fijan posturas sobre reformas a la Constituci\u00f3n"},"content":{"rendered":"\n<p>Un ministro de la Corte, la secretaria de Gobernaci\u00f3n, legisladoras y un gobernador realizaron posicionamientos respecto al esp\u00edritu de la Constituci\u00f3n y las reformas que presentara el presidente.<\/p>\n\n\n\n<p>Con informaci\u00f3n de Pol\u00edtica Expansi\u00f3n<\/p>\n\n\n\n<p>Brenda Y\u00e1\u00f1ez y Guadalupe Vallejo<\/p>\n\n\n\n<p>Lun 05 febrero 2024<\/p>\n\n\n\n<p>Por primera vez en la historia reciente, los presidentes de dos de los tres Poderes de la Uni\u00f3n se ausentaron de la conmemoraci\u00f3n del Aniversario de la Promulgaci\u00f3n de la Constituci\u00f3n Pol\u00edtica de los Estados Unidos Mexicanos, &nbsp;ceremonia que se llev\u00f3 a cabo este lunes en Quer\u00e9taro.<\/p>\n\n\n\n<p>Con la ausencia del presidente Andr\u00e9s Manuel L\u00f3pez Obrador y la ministra presidenta de la Suprema Corte de Justicia de la Uni\u00f3n, Norma Pi\u00f1a, el evento fue encabezado por la secretaria de Gobernaci\u00f3n, Luisa Mar\u00eda Alcalde, y el ministro Alberto P\u00e9rez Day\u00e1n, a quien Morena busca llevar a juicio pol\u00edtico tras resolver con un fallo la inconstitucionalidad de la Ley de la Industria El\u00e9ctrica.<\/p>\n\n\n\n<p>La ceremonia se convirti\u00f3 as\u00ed en un espacio para expresar posturas sobre la divisi\u00f3n de poderes en el contexto del anuncio del presidente de enviar una serie de reformas a la Carta Magna.<\/p>\n\n\n\n<p>As\u00ed, el ministro Alberto P\u00e9rez Day\u00e1n, con la representaci\u00f3n del Poder Judicial, defendi\u00f3 el esp\u00edritu de la Constituci\u00f3n de 1957, a la que augur\u00f3 una larga vida, as\u00ed como la independencia, autonom\u00eda, honradez e imparcialidad del Poder Judicial que dijo, est\u00e1 libre de remordimientos y comprometido con su vocaci\u00f3n democr\u00e1tica.<\/p>\n\n\n\n<p>\u201cEl Poder Judicial cumple su cita y da cuenta puntual de su encomienda con independencia, con autonom\u00eda, con honradez, con imparcialidad, libre de remordimientos y siempre comprometido con su vocaci\u00f3n democr\u00e1tica. No lo duden ni un momento, Hay Constituci\u00f3n, que vida la Constituci\u00f3n de M\u00e9xico\u201d, remarc\u00f3.<\/p>\n\n\n\n<p>Al parafrasear a Alexander Hamilton, P\u00e9rez Day\u00e1n destac\u00f3 que la Constituci\u00f3n es una ley fundamental y as\u00ed debe ser considerada por los jueces; pidi\u00f3 separar al Poder Judicial de la pol\u00edtica:<\/p>\n\n\n\n<p>La esencia misma de las magistraturas es muy distinta de la funci\u00f3n social que ejerce el representante pol\u00edtico. Hay que alejar al Poder Judicial de la pol\u00edtica y no arrojarlo al fondo de ella para que no resulte en un juego de las pasiones&#8221;.<\/p>\n\n\n\n<p>&#8220;Y agrego yo: militancia y judicatura no son afines&#8221;, afirm\u00f3 durante la ceremonia del 107 Aniversario de la Constituci\u00f3n.<\/p>\n\n\n\n<p>Tambi\u00e9n acot\u00f3 que el Poder Judicial tiene perfectamente claras esas divisiones y entiende que por encima de la Constituci\u00f3n no hay poder alguno, nada ni nadie. No permitamos que esto se olvide o se confunda.<\/p>\n\n\n\n<p>Resalt\u00f3 que la Constituci\u00f3n del 57 fue la que dio a la Corte las facultades suficientes para invalidar cualquier acto que no la respete, independientemente de la fuente que provenga, electa o no electa, sin distinci\u00f3n alguna.<\/p>\n\n\n\n<p>Refiri\u00f3 que los tres Poderes de la Uni\u00f3n cualquiera que sea su origen, son democr\u00e1ticos al surgir precisamente del propio estamento constitucional. \u201cAqu\u00ed, ninguno es m\u00e1s democr\u00e1tico que el otro\u201d, coment\u00f3.<\/p>\n\n\n\n<p>P\u00e9rez Day\u00e1n indic\u00f3 que se entiende por democracia no s\u00f3lo aquella estructura jur\u00eddica y un r\u00e9gimen pol\u00edtico, sino un sistema de vida fundado en el constante mejoramiento econ\u00f3mico, social y cultural del pueblo. Hacer cumplir la ley es uno de los actos democr\u00e1ticos m\u00e1s genuinos del servicio p\u00fablico-<\/p>\n\n\n\n<p>\u201cDefender a la Constituci\u00f3n, es defender al pueblo mismo, aunque no siempre se quiera atender as\u00ed. Duele escucharlo, lo s\u00e9, pero lo m\u00e1s doloroso ser\u00eda dejarlo pasar\u201d, enfatiz\u00f3 el juzgador.<\/p>\n\n\n\n<figure class=\"wp-block-embed\"><div class=\"wp-block-embed__wrapper\">\nhttps:\/\/politica.expansion.mx\/mexico\/2024\/02\/05\/sin-amlo-y-sin-norma-pina-fijan-posturas-sobre-reformas-a-la-constitucion\n<\/div><\/figure>\n","protected":false},"excerpt":{"rendered":"<p>Un ministro de la Corte, la secretaria de Gobernaci\u00f3n, legisladoras y un gobernador realizaron posicionamientos respecto al esp\u00edritu de la Constituci\u00f3n y las reformas que presentara el presidente. Con informaci\u00f3n de Pol\u00edtica Expansi\u00f3n Brenda Y\u00e1\u00f1ez y Guadalupe Vallejo Lun 05 febrero 2024 Por primera vez en la historia reciente, los presidentes de dos de los [&hellip;]<\/p>\n","protected":false},"author":1,"featured_media":5251,"comment_status":"open","ping_status":"open","sticky":false,"template":"","format":"standard","meta":{"content-type":"","footnotes":""},"categories":[3,115,105],"tags":[],"class_list":{"0":"post-5250","1":"post","2":"type-post","3":"status-publish","4":"format-standard","5":"has-post-thumbnail","7":"category-mexico","8":"category-politica","9":"category-principal"},"_links":{"self":[{"href":"https:\/\/www.regioncuatronoticias.com\/index.php\/wp-json\/wp\/v2\/posts\/5250","targetHints":{"allow":["GET"]}}],"collection":[{"href":"https:\/\/www.regioncuatronoticias.com\/index.php\/wp-json\/wp\/v2\/posts"}],"about":[{"href":"https:\/\/www.regioncuatronoticias.com\/index.php\/wp-json\/wp\/v2\/types\/post"}],"author":[{"embeddable":true,"href":"https:\/\/www.regioncuatronoticias.com\/index.php\/wp-json\/wp\/v2\/users\/1"}],"replies":[{"embeddable":true,"href":"https:\/\/www.regioncuatronoticias.com\/index.php\/wp-json\/wp\/v2\/comments?post=5250"}],"version-history":[{"count":1,"href":"https:\/\/www.regioncuatronoticias.com\/index.php\/wp-json\/wp\/v2\/posts\/5250\/revisions"}],"predecessor-version":[{"id":5252,"href":"https:\/\/www.regioncuatronoticias.com\/index.php\/wp-json\/wp\/v2\/posts\/5250\/revisions\/5252"}],"wp:featuredmedia":[{"embeddable":true,"href":"https:\/\/www.regioncuatronoticias.com\/index.php\/wp-json\/wp\/v2\/media\/5251"}],"wp:attachment":[{"href":"https:\/\/www.regioncuatronoticias.com\/index.php\/wp-json\/wp\/v2\/media?parent=5250"}],"wp:term":[{"taxonomy":"category","embeddable":true,"href":"https:\/\/www.regioncuatronoticias.com\/index.php\/wp-json\/wp\/v2\/categories?post=5250"},{"taxonomy":"post_tag","embeddable":true,"href":"https:\/\/www.regioncuatronoticias.com\/index.php\/wp-json\/wp\/v2\/tags?post=5250"}],"curies":[{"name":"wp","href":"https:\/\/api.w.org\/{rel}","templated":true}]}}