{"id":5227,"date":"2024-02-04T18:51:19","date_gmt":"2024-02-05T01:51:19","guid":{"rendered":"https:\/\/www.regioncuatronoticias.com\/?p=5227"},"modified":"2024-02-04T21:38:16","modified_gmt":"2024-02-05T04:38:16","slug":"criminales-armados-atacan-en-caborca-a-trabajadores-agricolas-saldo-cuatro-muertos-y-siete-heridos","status":"publish","type":"post","link":"https:\/\/www.regioncuatronoticias.com\/index.php\/2024\/02\/04\/criminales-armados-atacan-en-caborca-a-trabajadores-agricolas-saldo-cuatro-muertos-y-siete-heridos\/","title":{"rendered":"En Caborca criminales atacan a balazos a trabajadores agr\u00edcolas; saldo: cuatro muertos y siete heridos"},"content":{"rendered":"\n<p>H. Caborca, Sonora; febrero 4 de 2024:- Un grupo de 29 trabajadores agr\u00edcolas que se transportaban en una camioneta. Los criminales se encontraban en un cerro cerca de una brecha de terracer\u00eda que conduce del Campo San Francisco al Ejido \u201cYaqui Justiciero\u201d.<\/p>\n\n\n\n<p>Seg\u00fan la versi\u00f3n oficial, el conductor de la camioneta tipo Van se detuvo cuando fueron agredidos y le gritaron a los sujetos que ellos eran trabajadores del campo, entonces el ataque armado se detuvo.<\/p>\n\n\n\n<p>El saldo de esta acci\u00f3n, reportado este mismo d\u00eda por la FGJE, es el de cuatro personas muertas y otras siete m\u00e1s heridas.<\/p>\n\n\n\n<p>La fiscal\u00eda afirm\u00f3 que las autoridades de seguridad han implementado un operativo para detener a los agresores, pues hasta el momento no hay personas aprehendidas por el hecho.<\/p>\n\n\n\n<p>La Fiscal\u00eda de Sonora hizo esta semana un llamado a los j\u00f3venes para que no se dejen enga\u00f1ar por falsas ofertas de empleo en otros estados, muchas veces divulgadas en redes sociales, y que acaban siendo un medio de reclutamiento por grupos del crimen organizado.<\/p>\n","protected":false},"excerpt":{"rendered":"<p>H. Caborca, Sonora; febrero 4 de 2024:- Un grupo de 29 trabajadores agr\u00edcolas que se transportaban en una camioneta. Los criminales se encontraban en un cerro cerca de una brecha de terracer\u00eda que conduce del Campo San Francisco al Ejido \u201cYaqui Justiciero\u201d. Seg\u00fan la versi\u00f3n oficial, el conductor de la camioneta tipo Van se detuvo [&hellip;]<\/p>\n","protected":false},"author":1,"featured_media":5228,"comment_status":"open","ping_status":"open","sticky":false,"template":"","format":"standard","meta":{"content-type":"","footnotes":""},"categories":[105,113,9],"tags":[],"class_list":{"0":"post-5227","1":"post","2":"type-post","3":"status-publish","4":"format-standard","5":"has-post-thumbnail","7":"category-principal","8":"category-seguridad","9":"category-sonora"},"_links":{"self":[{"href":"https:\/\/www.regioncuatronoticias.com\/index.php\/wp-json\/wp\/v2\/posts\/5227","targetHints":{"allow":["GET"]}}],"collection":[{"href":"https:\/\/www.regioncuatronoticias.com\/index.php\/wp-json\/wp\/v2\/posts"}],"about":[{"href":"https:\/\/www.regioncuatronoticias.com\/index.php\/wp-json\/wp\/v2\/types\/post"}],"author":[{"embeddable":true,"href":"https:\/\/www.regioncuatronoticias.com\/index.php\/wp-json\/wp\/v2\/users\/1"}],"replies":[{"embeddable":true,"href":"https:\/\/www.regioncuatronoticias.com\/index.php\/wp-json\/wp\/v2\/comments?post=5227"}],"version-history":[{"count":2,"href":"https:\/\/www.regioncuatronoticias.com\/index.php\/wp-json\/wp\/v2\/posts\/5227\/revisions"}],"predecessor-version":[{"id":5234,"href":"https:\/\/www.regioncuatronoticias.com\/index.php\/wp-json\/wp\/v2\/posts\/5227\/revisions\/5234"}],"wp:featuredmedia":[{"embeddable":true,"href":"https:\/\/www.regioncuatronoticias.com\/index.php\/wp-json\/wp\/v2\/media\/5228"}],"wp:attachment":[{"href":"https:\/\/www.regioncuatronoticias.com\/index.php\/wp-json\/wp\/v2\/media?parent=5227"}],"wp:term":[{"taxonomy":"category","embeddable":true,"href":"https:\/\/www.regioncuatronoticias.com\/index.php\/wp-json\/wp\/v2\/categories?post=5227"},{"taxonomy":"post_tag","embeddable":true,"href":"https:\/\/www.regioncuatronoticias.com\/index.php\/wp-json\/wp\/v2\/tags?post=5227"}],"curies":[{"name":"wp","href":"https:\/\/api.w.org\/{rel}","templated":true}]}}