{"id":5115,"date":"2024-02-02T20:18:12","date_gmt":"2024-02-03T03:18:12","guid":{"rendered":"https:\/\/www.regioncuatronoticias.com\/?p=5115"},"modified":"2024-02-02T20:18:14","modified_gmt":"2024-02-03T03:18:14","slug":"kate-del-castillo-llora-al-pronunciarse-en-contra-de-las-corridas-de-toros-son-una-mancha-para-mexico","status":"publish","type":"post","link":"https:\/\/www.regioncuatronoticias.com\/index.php\/2024\/02\/02\/kate-del-castillo-llora-al-pronunciarse-en-contra-de-las-corridas-de-toros-son-una-mancha-para-mexico\/","title":{"rendered":"Kate del Castillo llora al pronunciarse en contra de las corridas de toros: \u2018son una mancha para M\u00e9xico\u2019"},"content":{"rendered":"\n<p><strong>Ciudad de M\u00e9xico a 2 de Febrero de 2024.-<\/strong> El debate por las corridas de toros en nuestro pa\u00eds ha tomado mucha fuerza en los \u00faltimos d\u00edas. Esto, a ra\u00edz de las protestas que se llevaron a cabo el pasado 28 de enero durante un evento en la Plaza de Toros M\u00e9xico, tras casi 600 d\u00edas de prohibici\u00f3n.<\/p>\n\n\n\n<p>Hay quienes se han mostrado a favor de la llamada \u2018fiesta brava\u2019 ya que aseguran es una tradici\u00f3n que se debe \u2018respetar\u2019, mientras que otros afirman que es \u2018maltrato animal\u2019. Al tema se han sumado diversas celebridades que han dado su contendiente opini\u00f3n, ya sea a favor o en contra.<\/p>\n\n\n\n<p>Tal es el caso de la actriz Kate del Castillo quien recientemente asegur\u00f3 que las corridas de toros son una \u2018\u2018macha para M\u00e9xico\u2019\u2019 y agradeci\u00f3 a las autoridades por suspender de manera temporal esta actividad, llamada \u201cdeporte\u201d.<\/p>\n\n\n\n<p>\u00bfQu\u00e9 dijo Kate del Castillo sobre las corridas de toros?<\/p>\n\n\n\n<p>A trav\u00e9s de un video difundido en sus redes sociales, la protagonista de \u2018La Reina del Sur\u2019 se\u00f1al\u00f3 que, una vez que las corridas se proh\u00edban definitivamente en el pa\u00eds, habr\u00e1 un motivo para celebrar, pues ser\u00e1 un hecho hist\u00f3rico.<\/p>\n\n\n\n<p>\u201cLas corridas de toros son una mancha en M\u00e9xico para la reputaci\u00f3n del pa\u00eds en donde yo nac\u00ed. Una vez que se termine, estoy segura de que todos tenemos un motivo m\u00e1s de celebraci\u00f3n y que todo esto va a pasar a la historia\u201d.<\/p>\n\n\n\n<p>La actriz se mostr\u00f3 visiblemente afectada, cuando record\u00f3 que uno de los toros que particip\u00f3 en la corrida del pasado domingo tuvo que ser sacrificado debido a que el torero fall\u00f3 tres veces al tratar de matarlo.<\/p>\n\n\n\n<p>\u201cAl toro lo tuvieron que sacar arrastrando de la plaza\u2026 \u00a1VIVO TODAV\u00cdA, PARA QUE DESPU\u00c9S LO DESTAZARAN A PUERTA CERRADA! No vamos a parar de pelear hasta que este sangriento deporte sea cancelado en todo M\u00e9xico. En todo M\u00e9xico\u201d, dijo la actriz enfurecida.<\/p>\n\n\n\n<p>Finalmente, Kate del Castillo dej\u00f3 en claro que ella y las personas que est\u00e1n en contra de esta actividad no parar\u00e1n hasta que paren con esta \u201ctortura\u201d hacia los animales. \u201cTodo animal es alguien. Nadie merece ser torturado hasta la muerte. No vamos a parar de pelear hasta que est\u00e9 sangriento deporte sea cancelado en todo M\u00e9xico\u201d, concluy\u00f3.<\/p>\n\n\n\n<p>Como era de esperarse, las palabras de la actriz provocaron muchas opiniones encontradas en redes sociales. Si bien muchos la apoyaron por defender a los animales, otros la criticaron por hablar de una \u201ctradici\u00f3n mexicana\u201d, cuando actualmente reside en Estados Unidos. \u201cDoble moral. Si amas tanto a M\u00e9xico \u00bfPor qu\u00e9 no vives all\u00e1? Es f\u00e1cil hablar desde la comodidad de tu casa\u201d, \u201cDeben de eliminar esas corridas de toro en todo el mundo\u201d, \u201cT\u00fa te hiciste rica y famosa con las narc*novelas y no te vi criticando eso\u201d, \u201cSon seres vivos que sienten\u201d, \u201cEs una tradici\u00f3n\u201d, escribieron algunos usuarios.<\/p>\n","protected":false},"excerpt":{"rendered":"<p>Ciudad de M\u00e9xico a 2 de Febrero de 2024.- El debate por las corridas de toros en nuestro pa\u00eds ha tomado mucha fuerza en los \u00faltimos d\u00edas. Esto, a ra\u00edz de las protestas que se llevaron a cabo el pasado 28 de enero durante un evento en la Plaza de Toros M\u00e9xico, tras casi 600 [&hellip;]<\/p>\n","protected":false},"author":1,"featured_media":5116,"comment_status":"open","ping_status":"open","sticky":false,"template":"","format":"standard","meta":{"content-type":"","footnotes":""},"categories":[5],"tags":[],"class_list":{"0":"post-5115","1":"post","2":"type-post","3":"status-publish","4":"format-standard","5":"has-post-thumbnail","7":"category-deportes"},"_links":{"self":[{"href":"https:\/\/www.regioncuatronoticias.com\/index.php\/wp-json\/wp\/v2\/posts\/5115","targetHints":{"allow":["GET"]}}],"collection":[{"href":"https:\/\/www.regioncuatronoticias.com\/index.php\/wp-json\/wp\/v2\/posts"}],"about":[{"href":"https:\/\/www.regioncuatronoticias.com\/index.php\/wp-json\/wp\/v2\/types\/post"}],"author":[{"embeddable":true,"href":"https:\/\/www.regioncuatronoticias.com\/index.php\/wp-json\/wp\/v2\/users\/1"}],"replies":[{"embeddable":true,"href":"https:\/\/www.regioncuatronoticias.com\/index.php\/wp-json\/wp\/v2\/comments?post=5115"}],"version-history":[{"count":1,"href":"https:\/\/www.regioncuatronoticias.com\/index.php\/wp-json\/wp\/v2\/posts\/5115\/revisions"}],"predecessor-version":[{"id":5117,"href":"https:\/\/www.regioncuatronoticias.com\/index.php\/wp-json\/wp\/v2\/posts\/5115\/revisions\/5117"}],"wp:featuredmedia":[{"embeddable":true,"href":"https:\/\/www.regioncuatronoticias.com\/index.php\/wp-json\/wp\/v2\/media\/5116"}],"wp:attachment":[{"href":"https:\/\/www.regioncuatronoticias.com\/index.php\/wp-json\/wp\/v2\/media?parent=5115"}],"wp:term":[{"taxonomy":"category","embeddable":true,"href":"https:\/\/www.regioncuatronoticias.com\/index.php\/wp-json\/wp\/v2\/categories?post=5115"},{"taxonomy":"post_tag","embeddable":true,"href":"https:\/\/www.regioncuatronoticias.com\/index.php\/wp-json\/wp\/v2\/tags?post=5115"}],"curies":[{"name":"wp","href":"https:\/\/api.w.org\/{rel}","templated":true}]}}